{"id":127592,"date":"2025-10-26T21:47:07","date_gmt":"2025-10-26T21:47:07","guid":{"rendered":"https:\/\/www.europesays.com\/pt\/127592\/"},"modified":"2025-10-26T21:47:07","modified_gmt":"2025-10-26T21:47:07","slug":"a-maior-casa-do-mundo-tem-170-comodos-e-abriga-apenas-quatro-pessoas","status":"publish","type":"post","link":"https:\/\/www.europesays.com\/pt\/127592\/","title":{"rendered":"A maior casa do mundo tem 170 c\u00f4modos e abriga apenas quatro pessoas"},"content":{"rendered":"<p>Os 170 c\u00f4modos, espalhados em 280 hectares de extens\u00e3o, exibem uma decora\u00e7\u00e3o que reflete sua heran\u00e7a real. O interior apresenta elaborados trabalhos em madeira, m\u00e1rmore e vitrais que foram importados diretamente da B\u00e9lgica.<\/p>\n<p>A resid\u00eancia guarda ainda uma cole\u00e7\u00e3o de pinturas e mosaicos, incluindo obras do renomado artista indiano Raja Ravi Verma. A maior casa do mundo atrai turistas ao abrir parte de seu t\u00e9rreo para visita\u00e7\u00e3o, preservando a tradi\u00e7\u00e3o.<\/p>\n<p>A fam\u00edlia real de baroda<\/p>\n<p>A fam\u00edlia que reside atualmente no pal\u00e1cio \u00e9 composta por quatro membros da Dinastia Gaekwad. O l\u00edder \u00e9 Samarjitsinh Gaekwad, o maraj\u00e1 titular desde 2012, sua esposa Radhikaraje Gaekwad, e suas duas filhas, Narayani Raje Gaekwad e Padmaja Raje Gaekwad.<\/p>\n","protected":false},"excerpt":{"rendered":"Os 170 c\u00f4modos, espalhados em 280 hectares de extens\u00e3o, exibem uma decora\u00e7\u00e3o que reflete sua heran\u00e7a real. O&hellip;\n","protected":false},"author":2,"featured_media":127593,"comment_status":"","ping_status":"","sticky":false,"template":"","format":"standard","meta":{"footnotes":""},"categories":[144],"tags":[207,205,206,203,201,202,204,114,115,32,33],"class_list":{"0":"post-127592","1":"post","2":"type-post","3":"status-publish","4":"format-standard","5":"has-post-thumbnail","7":"category-arte-e-design","8":"tag-arte","9":"tag-arte-e-design","10":"tag-artedesign","11":"tag-arts","12":"tag-arts-and-design","13":"tag-artsanddesign","14":"tag-design","15":"tag-entertainment","16":"tag-entretenimento","17":"tag-portugal","18":"tag-pt"},"share_on_mastodon":{"url":"https:\/\/pubeurope.com\/@pt\/115442669540679845","error":""},"_links":{"self":[{"href":"https:\/\/www.europesays.com\/pt\/wp-json\/wp\/v2\/posts\/127592","targetHints":{"allow":["GET"]}}],"collection":[{"href":"https:\/\/www.europesays.com\/pt\/wp-json\/wp\/v2\/posts"}],"about":[{"href":"https:\/\/www.europesays.com\/pt\/wp-json\/wp\/v2\/types\/post"}],"author":[{"embeddable":true,"href":"https:\/\/www.europesays.com\/pt\/wp-json\/wp\/v2\/users\/2"}],"replies":[{"embeddable":true,"href":"https:\/\/www.europesays.com\/pt\/wp-json\/wp\/v2\/comments?post=127592"}],"version-history":[{"count":0,"href":"https:\/\/www.europesays.com\/pt\/wp-json\/wp\/v2\/posts\/127592\/revisions"}],"wp:featuredmedia":[{"embeddable":true,"href":"https:\/\/www.europesays.com\/pt\/wp-json\/wp\/v2\/media\/127593"}],"wp:attachment":[{"href":"https:\/\/www.europesays.com\/pt\/wp-json\/wp\/v2\/media?parent=127592"}],"wp:term":[{"taxonomy":"category","embeddable":true,"href":"https:\/\/www.europesays.com\/pt\/wp-json\/wp\/v2\/categories?post=127592"},{"taxonomy":"post_tag","embeddable":true,"href":"https:\/\/www.europesays.com\/pt\/wp-json\/wp\/v2\/tags?post=127592"}],"curies":[{"name":"wp","href":"https:\/\/api.w.org\/{rel}","templated":true}]}}