{"id":127608,"date":"2025-10-26T22:08:14","date_gmt":"2025-10-26T22:08:14","guid":{"rendered":"https:\/\/www.europesays.com\/pt\/127608\/"},"modified":"2025-10-26T22:08:14","modified_gmt":"2025-10-26T22:08:14","slug":"filha-de-elisabete-moutinho-vai-parar-ao-hospital-o-medico-pensava-que-nao-ia-ser-nada-mas-quando-viu-secret-story","status":"publish","type":"post","link":"https:\/\/www.europesays.com\/pt\/127608\/","title":{"rendered":"Filha de Elisabete Moutinho vai parar ao hospital: \u00abO m\u00e9dico pensava que n\u00e3o ia ser nada, mas quando viu&#8230;\u00bb &#8211; Secret Story"},"content":{"rendered":"<p><strong>Elisabete Moutinho passou por um susto com a filha, Valentina<\/strong>, ap\u00f3s um acidente que a levou ao hospital. \u00ab<strong>Viemos ao hospital, estamos na ortopedia<\/strong>. A Valentina aleijou-se a brincar\u00bb, come\u00e7ou por revelar<a href=\"https:\/\/tvi.iol.pt\/secretstory\/geral\/10-03-2025\/sem-medo-da-mudanca-elisabete-moutinho-revela-novo-visual-e-recebe-rasgados-elogios\" rel=\"nofollow noopener\" target=\"_blank\"> a vencedora do <strong>Secret Story &#8211; Casa dos Segredos 5<\/strong>,<\/a> atrav\u00e9s do Instagram.<\/p>\n<p><strong>\u00abA Valentina caiu mal num escorrega\u00bb<\/strong>, explicou aos f\u00e3s, mais tarde, na legenda de uma outra publica\u00e7\u00e3o que fez, em que mostrou uma s\u00e9rie de imagens do epis\u00f3dio.\u00a0<\/p>\n<p>O diagn\u00f3stico acabou por ser mais s\u00e9rio do que<a href=\"https:\/\/tvi.iol.pt\/secretstory\/search?pagina=1&amp;pesquisa=elisabete+moutinho\" rel=\"nofollow noopener\" target=\"_blank\"> Elisabete<\/a> esperava. \u00abO ortopedista<strong> pensava que n\u00e3o ia ser nada, mas quando viu o raio-X disse que tinha uma pequena fratura na zona da canela<\/strong>, mas que ap\u00f3s quatro semanas ia ficar bem. Daqui a uma semana, voltamos ao hospital para refor\u00e7ar o gesso\u00bb, revelou a influencer.<\/p>\n<p style=\"text-align:center\"><img loading=\"lazy\" decoding=\"async\" alt=\"\" height=\"455\" src=\"https:\/\/www.europesays.com\/pt\/wp-content\/uploads\/2025\/10\/68fe6aa0d34ee0c2fed1b0b2.webp\" width=\"500\"\/><\/p>\n<p>Apesar do susto, a pequena Valentina j\u00e1 se encontra em recupera\u00e7\u00e3o. Mais tarde,<strong> Elisabete Moutinho partilhou novas imagens, em que mostra a filha a descansar e a recuperar em casa.<\/strong><\/p>\n<p style=\"text-align:center\"><img loading=\"lazy\" decoding=\"async\" alt=\"\" height=\"455\" src=\"https:\/\/www.europesays.com\/pt\/wp-content\/uploads\/2025\/10\/68fe6a9fd34e58bc679753c5.webp\" width=\"500\"\/><\/p>\n<p>Recorde-se que <strong>Valentina \u00e9 fruto do noivado de Elisabete Moutinho com Pedro Cell<\/strong>. O casal<a href=\"https:\/\/tvi.iol.pt\/secretstory\/elisabete-moutinho\/mae\/emocao-maxima-elisabete-moutinho-foi-mae-novamente-do-parto-ao-encontro-do-bebe-com-a-irma-veja-tudo\" rel=\"nofollow noopener\" target=\"_blank\"> tem ainda um filho, <strong>Benjamin<\/strong>, nascido em janeiro deste ano.<\/a><\/p>\n<blockquote class=\"instagram-media\" data-instgrm-captioned=\"\" data-instgrm-permalink=\"https:\/\/www.instagram.com\/p\/DQP_RzfjJkX\/?utm_source=ig_embed&amp;utm_campaign=loading\" data-instgrm-version=\"14\" style=\" background:#FFF; border:0; border-radius:3px; box-shadow:0 0 1px 0 rgba(0,0,0,0.5),0 1px 10px 0 rgba(0,0,0,0.15); margin: 1px; max-width:540px; min-width:326px; padding:0; width:99.375%; width:-webkit-calc(100% - 2px); width:calc(100% - 2px);\">\n<\/blockquote>\n<p>                        <script async src=\"\/\/www.instagram.com\/embed.js\"><\/script><\/p>\n","protected":false},"excerpt":{"rendered":"Elisabete Moutinho passou por um susto com a filha, Valentina, ap\u00f3s um acidente que a levou ao hospital.&hellip;\n","protected":false},"author":2,"featured_media":127609,"comment_status":"","ping_status":"","sticky":false,"template":"","format":"standard","meta":{"footnotes":""},"categories":[142],"tags":[18706,17332,114,115,18705,1127,32,33,151,18704],"class_list":{"0":"post-127608","1":"post","2":"type-post","3":"status-publish","4":"format-standard","5":"has-post-thumbnail","7":"category-tv","8":"tag-bastidores-secret-story","9":"tag-elisabete-moutinho","10":"tag-entertainment","11":"tag-entretenimento","12":"tag-entrevistas-concorrentes-tvi","13":"tag-filha","14":"tag-portugal","15":"tag-pt","16":"tag-tv","17":"tag-vida-fora-da-casa"},"share_on_mastodon":{"url":"https:\/\/pubeurope.com\/@pt\/115442752260897335","error":""},"_links":{"self":[{"href":"https:\/\/www.europesays.com\/pt\/wp-json\/wp\/v2\/posts\/127608","targetHints":{"allow":["GET"]}}],"collection":[{"href":"https:\/\/www.europesays.com\/pt\/wp-json\/wp\/v2\/posts"}],"about":[{"href":"https:\/\/www.europesays.com\/pt\/wp-json\/wp\/v2\/types\/post"}],"author":[{"embeddable":true,"href":"https:\/\/www.europesays.com\/pt\/wp-json\/wp\/v2\/users\/2"}],"replies":[{"embeddable":true,"href":"https:\/\/www.europesays.com\/pt\/wp-json\/wp\/v2\/comments?post=127608"}],"version-history":[{"count":0,"href":"https:\/\/www.europesays.com\/pt\/wp-json\/wp\/v2\/posts\/127608\/revisions"}],"wp:featuredmedia":[{"embeddable":true,"href":"https:\/\/www.europesays.com\/pt\/wp-json\/wp\/v2\/media\/127609"}],"wp:attachment":[{"href":"https:\/\/www.europesays.com\/pt\/wp-json\/wp\/v2\/media?parent=127608"}],"wp:term":[{"taxonomy":"category","embeddable":true,"href":"https:\/\/www.europesays.com\/pt\/wp-json\/wp\/v2\/categories?post=127608"},{"taxonomy":"post_tag","embeddable":true,"href":"https:\/\/www.europesays.com\/pt\/wp-json\/wp\/v2\/tags?post=127608"}],"curies":[{"name":"wp","href":"https:\/\/api.w.org\/{rel}","templated":true}]}}