{"id":127661,"date":"2025-10-26T22:51:13","date_gmt":"2025-10-26T22:51:13","guid":{"rendered":"https:\/\/www.europesays.com\/pt\/127661\/"},"modified":"2025-10-26T22:51:13","modified_gmt":"2025-10-26T22:51:13","slug":"tres-gracas-joelly-vende-filha-apos-ser-enganada-26-10-2025-televisao","status":"publish","type":"post","link":"https:\/\/www.europesays.com\/pt\/127661\/","title":{"rendered":"&#8216;Tr\u00eas Gra\u00e7as&#8217;: Jo\u00e9lly vende filha ap\u00f3s ser enganada &#8211; 26\/10\/2025 &#8211; Televis\u00e3o"},"content":{"rendered":"<p>\n<strong class=\"c-signature__location\">Rio de Janeiro<\/strong>\n<\/p>\n<p>A fam\u00edlia da protagonista Gerluce (<a href=\"https:\/\/www1.folha.uol.com.br\/folha-topicos\/sophie-charlotte\/\" rel=\"nofollow noopener\" target=\"\">Sophie Charlotte<\/a>), na novela &#8220;<a href=\"https:\/\/www1.folha.uol.com.br\/folha-topicos\/tres-gracas\/\" rel=\"nofollow noopener\" target=\"\">Tr\u00eas Gra\u00e7as&#8221;<\/a>, enfrentar\u00e1 um drama nos pr\u00f3ximos cap\u00edtulos da trama de <a href=\"https:\/\/www1.folha.uol.com.br\/folha-topicos\/aguinaldo-silva\/\" rel=\"nofollow noopener\" target=\"\">Aguinaldo Silva. <\/a>Gr\u00e1vida de Raul (Paulo Mendes), Jo\u00e9lly (<a href=\"https:\/\/f5.folha.uol.com.br\/televisao\/2025\/10\/alana-cabral-revela-rotina-intensa-ao-dividir-protagonismo-em-tres-gracas-com-vestibular.shtml\" rel=\"nofollow noopener\" target=\"\">Alana Cabral<\/a>) se desespera ao descobrir que o namorado est\u00e1 profundamente endividado com o tr\u00e1fico da comunidade da Chacrinha, comandado por Bagd\u00e1 (<a href=\"https:\/\/www1.folha.uol.com.br\/folha-topicos\/xama\/\" rel=\"nofollow noopener\" target=\"\">Xam\u00e3<\/a>). Preocupada com o futuro da crian\u00e7a e enganada por algu\u00e9m em quem confiava, a jovem acaba vendendo o beb\u00ea.<\/p>\n","protected":false},"excerpt":{"rendered":"Rio de Janeiro A fam\u00edlia da protagonista Gerluce (Sophie Charlotte), na novela &#8220;Tr\u00eas Gra\u00e7as&#8221;, enfrentar\u00e1 um drama nos&hellip;\n","protected":false},"author":2,"featured_media":127662,"comment_status":"","ping_status":"","sticky":false,"template":"","format":"standard","meta":{"footnotes":""},"categories":[142],"tags":[29164,219,211,470,223,114,115,224,225,226,753,221,220,222,32,33,4374,2566,218,15806,228,151,227],"class_list":{"0":"post-127661","1":"post","2":"type-post","3":"status-publish","4":"format-standard","5":"has-post-thumbnail","7":"category-tv","8":"tag-alana-cabral","9":"tag-bichos","10":"tag-celebridades","11":"tag-cinema","12":"tag-colunistas","13":"tag-entertainment","14":"tag-entretenimento","15":"tag-estranho","16":"tag-eu-amo","17":"tag-fofices","18":"tag-globo","19":"tag-horoscopo","20":"tag-humanos","21":"tag-humor","22":"tag-portugal","23":"tag-pt","24":"tag-sophie-charlotte","25":"tag-televiso","26":"tag-televisao","27":"tag-trs-graas","28":"tag-tudo","29":"tag-tv","30":"tag-videos"},"share_on_mastodon":{"url":"https:\/\/pubeurope.com\/@pt\/115442921182753176","error":""},"_links":{"self":[{"href":"https:\/\/www.europesays.com\/pt\/wp-json\/wp\/v2\/posts\/127661","targetHints":{"allow":["GET"]}}],"collection":[{"href":"https:\/\/www.europesays.com\/pt\/wp-json\/wp\/v2\/posts"}],"about":[{"href":"https:\/\/www.europesays.com\/pt\/wp-json\/wp\/v2\/types\/post"}],"author":[{"embeddable":true,"href":"https:\/\/www.europesays.com\/pt\/wp-json\/wp\/v2\/users\/2"}],"replies":[{"embeddable":true,"href":"https:\/\/www.europesays.com\/pt\/wp-json\/wp\/v2\/comments?post=127661"}],"version-history":[{"count":0,"href":"https:\/\/www.europesays.com\/pt\/wp-json\/wp\/v2\/posts\/127661\/revisions"}],"wp:featuredmedia":[{"embeddable":true,"href":"https:\/\/www.europesays.com\/pt\/wp-json\/wp\/v2\/media\/127662"}],"wp:attachment":[{"href":"https:\/\/www.europesays.com\/pt\/wp-json\/wp\/v2\/media?parent=127661"}],"wp:term":[{"taxonomy":"category","embeddable":true,"href":"https:\/\/www.europesays.com\/pt\/wp-json\/wp\/v2\/categories?post=127661"},{"taxonomy":"post_tag","embeddable":true,"href":"https:\/\/www.europesays.com\/pt\/wp-json\/wp\/v2\/tags?post=127661"}],"curies":[{"name":"wp","href":"https:\/\/api.w.org\/{rel}","templated":true}]}}