{"id":127691,"date":"2025-10-26T23:19:08","date_gmt":"2025-10-26T23:19:08","guid":{"rendered":"https:\/\/www.europesays.com\/pt\/127691\/"},"modified":"2025-10-26T23:19:08","modified_gmt":"2025-10-26T23:19:08","slug":"ps-tira-vereador-ao-psd-em-moncao-na-repeticao-das-eleicoes","status":"publish","type":"post","link":"https:\/\/www.europesays.com\/pt\/127691\/","title":{"rendered":"PS tira vereador ao PSD em Mon\u00e7\u00e3o na repeti\u00e7\u00e3o das elei\u00e7\u00f5es"},"content":{"rendered":"<p data-remotead-prev-elm=\"true\" data-remotead-elm-id=\"inread\">A repeti\u00e7\u00e3o das elei\u00e7\u00f5es aut\u00e1rquicas, este domingo, na freguesia de Lara, em Mon\u00e7\u00e3o, desempatou o resultado das duas candidaturas, obtido no dia 12 de outubro, e deu vit\u00f3ria ao movimento &#8220;Juntos Por Lara (JPL)&#8221;, liderado pelo enfermeiro Pedro Ribeiro, de 40 anos, com nove votos de diferen\u00e7a. Confirmou ainda a elei\u00e7\u00e3o de um segundo vereador do Partido Socialista.<\/p>\n<p>A autarquia \u00e9 liderada por Ant\u00f3nio Barbosa do PSD, que elegeu seis mandatos na primeira volta, enquanto o PS elegeu um, mas, com os votos de Lara, a composi\u00e7\u00e3o do executivo municipal passa a 5-2.<\/p>\n<p>Em Cabreiro, Arcos de Valdevez, o PSD conquistou a junta depois de, no primeiro ato eleitoral, h\u00e1 duas semanas, ter empatado com a candidatura &#8220;Todos Por Cabreiro&#8221;, por 120 votos. Foi eleito presidente de junta Durval Botelho, de 49 anos, construtor civil de profiss\u00e3o, com mais seis votos do que a lista opositora. Em ambos os casos, a aflu\u00eancia de eleitores foi maior.<\/p>\n<p data-remotead-prev-elm=\"true\" data-remotead-elm-id=\"centro1\">&#8220;A aflu\u00eancia foi maior. As pessoas mobilizaram-se. Ap\u00f3s o empate, vieram ter connosco a manifestar a inten\u00e7\u00e3o em votar em n\u00f3s porque acreditavam no nosso projeto&#8221;, comentou ao JN Pedro Ribeiro, confirmando que, em Lara, foram \u00e0s urnas 194 votantes &#8211; 98 votaram no JPL e 89 no PSD. No caso desta freguesia e devido \u00e0 queixa de uma eleitora nas elei\u00e7\u00f5es anteriores, o ato eleitoral foi repetido para todos os org\u00e3os aut\u00e1rquicos.<\/p>\n<p>Em Cabreiro, o PSD obteve 131 votos e o &#8220;Todos Por Cabreiro&#8221; 125. A lista vencedora \u00e9 liderada pelo tesoureiro do executivo cessante e que agora vai passar a presidente da junta. Tamb\u00e9m nesta freguesia, houve mais gente a votar.<\/p>\n<p>&#8220;Da primeira vez, foi uma situa\u00e7\u00e3o desagrad\u00e1vel e in\u00e9dita ao mesmo tempo, porque a gente contava com a vit\u00f3ria logo \u00e0 primeira volta, mas fomos surpreendidos com o empate. Agora fomos ao trabalho e conseguimos o objetivo, que era ganhar. Mobilizou-se mais pessoas e houve mais participa\u00e7\u00e3o, porque todos queriam desfazer o empate&#8221;, disse ao JN Durval Botelho.<\/p>\n","protected":false},"excerpt":{"rendered":"A repeti\u00e7\u00e3o das elei\u00e7\u00f5es aut\u00e1rquicas, este domingo, na freguesia de Lara, em Mon\u00e7\u00e3o, desempatou o resultado das duas&hellip;\n","protected":false},"author":2,"featured_media":127692,"comment_status":"","ping_status":"","sticky":false,"template":"","format":"standard","meta":{"footnotes":""},"categories":[10],"tags":[2431,27,28,29167,15,16,14,25,26,21,22,12,13,19,20,32,23,24,33,17,18,29,30,31],"class_list":{"0":"post-127691","1":"post","2":"type-post","3":"status-publish","4":"format-standard","5":"has-post-thumbnail","7":"category-portugal","8":"tag-autarquicas-2025","9":"tag-breaking-news","10":"tag-breakingnews","11":"tag-concelho-moncao","12":"tag-featured-news","13":"tag-featurednews","14":"tag-headlines","15":"tag-latest-news","16":"tag-latestnews","17":"tag-main-news","18":"tag-mainnews","19":"tag-news","20":"tag-noticias","21":"tag-noticias-principais","22":"tag-noticiasprincipais","23":"tag-portugal","24":"tag-principais-noticias","25":"tag-principaisnoticias","26":"tag-pt","27":"tag-top-stories","28":"tag-topstories","29":"tag-ultimas","30":"tag-ultimas-noticias","31":"tag-ultimasnoticias"},"share_on_mastodon":{"url":"https:\/\/pubeurope.com\/@pt\/115443031294188326","error":""},"_links":{"self":[{"href":"https:\/\/www.europesays.com\/pt\/wp-json\/wp\/v2\/posts\/127691","targetHints":{"allow":["GET"]}}],"collection":[{"href":"https:\/\/www.europesays.com\/pt\/wp-json\/wp\/v2\/posts"}],"about":[{"href":"https:\/\/www.europesays.com\/pt\/wp-json\/wp\/v2\/types\/post"}],"author":[{"embeddable":true,"href":"https:\/\/www.europesays.com\/pt\/wp-json\/wp\/v2\/users\/2"}],"replies":[{"embeddable":true,"href":"https:\/\/www.europesays.com\/pt\/wp-json\/wp\/v2\/comments?post=127691"}],"version-history":[{"count":0,"href":"https:\/\/www.europesays.com\/pt\/wp-json\/wp\/v2\/posts\/127691\/revisions"}],"wp:featuredmedia":[{"embeddable":true,"href":"https:\/\/www.europesays.com\/pt\/wp-json\/wp\/v2\/media\/127692"}],"wp:attachment":[{"href":"https:\/\/www.europesays.com\/pt\/wp-json\/wp\/v2\/media?parent=127691"}],"wp:term":[{"taxonomy":"category","embeddable":true,"href":"https:\/\/www.europesays.com\/pt\/wp-json\/wp\/v2\/categories?post=127691"},{"taxonomy":"post_tag","embeddable":true,"href":"https:\/\/www.europesays.com\/pt\/wp-json\/wp\/v2\/tags?post=127691"}],"curies":[{"name":"wp","href":"https:\/\/api.w.org\/{rel}","templated":true}]}}