{"id":127701,"date":"2025-10-26T23:29:07","date_gmt":"2025-10-26T23:29:07","guid":{"rendered":"https:\/\/www.europesays.com\/pt\/127701\/"},"modified":"2025-10-26T23:29:07","modified_gmt":"2025-10-26T23:29:07","slug":"oquei-de-barcelos-vence-taca-continental-com-reviravolta-diante-do-fc-porto","status":"publish","type":"post","link":"https:\/\/www.europesays.com\/pt\/127701\/","title":{"rendered":"\u00d3quei de Barcelos vence Ta\u00e7a Continental com reviravolta diante do FC Porto"},"content":{"rendered":"<p>                Mais ofensivo nos primeiros 25 minutos, o detentor da Liga dos Campe\u00f5es esteve a perder face ao golo de Edu Lamas, aos 19, mas respondeu com um \u2018bis\u2019 de Carlos Ramos, aos 20 e aos 25, e ampliou a diferen\u00e7a por Kyllian Gil, aos 27, antes de Gon\u00e7alo Alves reduzir de pen\u00e1lti, aos 32, e de Ivan Morales desfazer as d\u00favidas no \u00faltimo minuto.<\/p>\n<p>Depois de vencer a competi\u00e7\u00e3o inicialmente designada por Superta\u00e7a Europeia em 1991\/92, a equipa minhota repetiu o feito a \u2018jogar em casa\u2019 e igualou o n\u00famero de trof\u00e9us dos \u2018drag\u00f5es\u2019, que ergueram a Ta\u00e7a Continental em 1986\/97 e 2023\/24.<\/p>\n<p>A primeira parte foi veloz e intensa desde o primeiro segundo, com o perigo a \u2018espreitar\u2019 cedo ambas as balizas, quer no remate de Carlos Ramos travado pelo guardi\u00e3o portista Xavi Mali\u00e1n, aos dois minutos, quer no pen\u00e1lti cobrado por Gon\u00e7alo Alves, defendido pelo guarda-redes dos barcelenses, Guillem Torrents, aos tr\u00eas.<\/p>\n<p>Apoiada pela maioria dos 1.477 espetadores, a equipa treinada por Rui Neto come\u00e7ou a superiorizar-se a partir do minuto cinco, com maior diversidade nos movimentos ofensivos e mais remates, ora de Ivan Morales, ora de Miguel Rocha, ora de Lu\u00eds Querido, mas sem a precis\u00e3o necess\u00e1ria para bater Xavi Mali\u00e1n.<\/p>\n<p>Algo \u2018preso\u2019 na manobra ofensiva, com v\u00e1rios ataques conclu\u00eddos sem remate, o conjunto treinado por Paulo Freitas contrariou o ascendente minhoto com uma \u2018triangula\u00e7\u00e3o\u2019 repentina e eficaz, iniciada por Telmo Pinto e conclu\u00edda por Edu Lamas em plena \u00e1rea.<\/p>\n<p>A perder, o \u00d3quei encontrou a pontaria que lhe estava a faltar em dois remates de primeira de Carlos Ramos, um ap\u00f3s passe de Tato Ferruccio, efetuado atr\u00e1s da baliza, 25 segundos ap\u00f3s o golo sofrido, e o outro a finalizar um contra-ataque a \u2018r\u00e9gua e esquadro\u2019, a dois segundos do intervalo.<\/p>\n<p>O reatamento deu-se sem qualquer altera\u00e7\u00e3o na \u2018corrente\u2019 do jogo: a forma\u00e7\u00e3o de Barcelos continuou a encontrar linhas de passe para circular a bola e a acelerar assim que tinha espa\u00e7o, dilatando a vantagem aos 27 minutos, num lance de insist\u00eancia conclu\u00eddo por Kyllian Gil, no qual sobressaiu a passividade da defesa portista.<\/p>\n<p>Com dificuldades em ligar os seus ataques, o FC Porto reduziu a diferen\u00e7a aos 32 minutos, com o \u2018especialista\u2019 Gon\u00e7alo Alves a marcar na segunda tentativa da marca de pen\u00e1lti, e come\u00e7ou, aos poucos, a acercar-se da baliza contr\u00e1ria em busca do empate.<\/p>\n<p>Nos 10 minutos finais, o FC Porto organizou um \u2018cerco\u2019 em torno da baliza de Guillem Torrents, mas o \u00d3quei manteve-se organizado, continuou a circular a bola quando tinha oportunidade e desperdi\u00e7ou dois contra-ataques, e colocou o resultado em 4-2, por interm\u00e9dio de Ivan Morales, a 38 segundos do fim, tendo os &#8216;drag\u00f5es&#8217; ainda voltado a marcar, por Rafa.<\/p>\n<p>Jogo realizado no Pavilh\u00e3o Municipal de Barcelos.<\/p>\n<p>\u00d3quei de Barcelos \u2013 FC Porto, 4-2.<\/p>\n<p>Ao intervalo: 2-1.<\/p>\n<p>Marcadores:<\/p>\n<p>0-1, Edu Lamas, 19 minutos.<\/p>\n<p>1-1, Carlos Ramos, 20.<\/p>\n<p>2-1, Carlos Ramos, 25.<\/p>\n<p>3-1, Kyllian Gil, 27.<\/p>\n<p>3-2, Gon\u00e7alo Alves, 32 (grande penalidade).<\/p>\n<p>4-2, Ivan Morales, 50.<\/p>\n<p>4-3, Rafa, 50.<\/p>\n<p>Sob a arbitragem de Filippo Fronte (It\u00e1lia), Marco Rondina (It\u00e1lia) e Marcelo Cardoso (Portugal), as equipas alinharam:<\/p>\n<p>&#8211; \u00d3quei de Barcelos: Guillem Torrents, Carlos Ramos, Vieirinha, Tato Ferruccio e Ivan Morales. Jogaram ainda: Kyllian Gil, Miguel Rocha, Pedro Silva e Lu\u00eds Querido.<\/p>\n<p>Treinador: Rui Neto.<\/p>\n<p>&#8211; FC Porto: Xavi Mali\u00e1n, Pol Manrubia, H\u00e9lder Nunes, Carlo Di Benedetto e Gon\u00e7alo Alves. Jogaram ainda: Edu Lamas, Rafa, Telmo Pinto e Ezequiel Mena.<\/p>\n<p>Treinador: Paulo Freitas.<\/p>\n<p>Assist\u00eancia: 1.477 espetadores.&#13;\n            <\/p>\n","protected":false},"excerpt":{"rendered":"Mais ofensivo nos primeiros 25 minutos, o detentor da Liga dos Campe\u00f5es esteve a perder face ao golo&hellip;\n","protected":false},"author":2,"featured_media":127702,"comment_status":"","ping_status":"","sticky":false,"template":"","format":"standard","meta":{"footnotes":""},"categories":[87],"tags":[135,13,32,33,420,421,134],"class_list":{"0":"post-127701","1":"post","2":"type-post","3":"status-publish","4":"format-standard","5":"has-post-thumbnail","7":"category-desporto","8":"tag-desporto","9":"tag-noticias","10":"tag-portugal","11":"tag-pt","12":"tag-rtp","13":"tag-rtp-noticias","14":"tag-sports"},"share_on_mastodon":{"url":"https:\/\/pubeurope.com\/@pt\/115443070648146366","error":""},"_links":{"self":[{"href":"https:\/\/www.europesays.com\/pt\/wp-json\/wp\/v2\/posts\/127701","targetHints":{"allow":["GET"]}}],"collection":[{"href":"https:\/\/www.europesays.com\/pt\/wp-json\/wp\/v2\/posts"}],"about":[{"href":"https:\/\/www.europesays.com\/pt\/wp-json\/wp\/v2\/types\/post"}],"author":[{"embeddable":true,"href":"https:\/\/www.europesays.com\/pt\/wp-json\/wp\/v2\/users\/2"}],"replies":[{"embeddable":true,"href":"https:\/\/www.europesays.com\/pt\/wp-json\/wp\/v2\/comments?post=127701"}],"version-history":[{"count":0,"href":"https:\/\/www.europesays.com\/pt\/wp-json\/wp\/v2\/posts\/127701\/revisions"}],"wp:featuredmedia":[{"embeddable":true,"href":"https:\/\/www.europesays.com\/pt\/wp-json\/wp\/v2\/media\/127702"}],"wp:attachment":[{"href":"https:\/\/www.europesays.com\/pt\/wp-json\/wp\/v2\/media?parent=127701"}],"wp:term":[{"taxonomy":"category","embeddable":true,"href":"https:\/\/www.europesays.com\/pt\/wp-json\/wp\/v2\/categories?post=127701"},{"taxonomy":"post_tag","embeddable":true,"href":"https:\/\/www.europesays.com\/pt\/wp-json\/wp\/v2\/tags?post=127701"}],"curies":[{"name":"wp","href":"https:\/\/api.w.org\/{rel}","templated":true}]}}