{"id":127709,"date":"2025-10-26T23:35:16","date_gmt":"2025-10-26T23:35:16","guid":{"rendered":"https:\/\/www.europesays.com\/pt\/127709\/"},"modified":"2025-10-26T23:35:16","modified_gmt":"2025-10-26T23:35:16","slug":"a-grande-personagem-literaria-dos-ultimos-25-anos-observador","status":"publish","type":"post","link":"https:\/\/www.europesays.com\/pt\/127709\/","title":{"rendered":"a grande personagem liter\u00e1ria dos \u00faltimos 25 anos \u2013 Observador"},"content":{"rendered":"<p>Na introdu\u00e7\u00e3o a esta \u201cbiografia\u201d de Jos\u00e9 S\u00f3crates, Jo\u00e3o Miguel Tavares (JMT) cita o escritor Jos\u00e9 Rentes de Carvalho: \u201cOlhe o Jos\u00e9 S\u00f3crates: \u00e9 carism\u00e1tico, \u00e9 mau, \u00e9 est\u00fapido. Como personagem romanesca \u00e9 uma mina de ouro. Mas nenhum escritor pegou ainda nele. Nem os mais jovens. Eu faria dele um Rastignac como o de Balzac\u201d. H\u00e1 v\u00e1rias raz\u00f5es, boas e m\u00e1s, para isso ainda n\u00e3o ter acontecido. E est\u00e3o quase todas neste livro, a que JMT dedicou boa parte dos \u00faltimos dez anos.<\/p>\n<p>Ali em cima, a palavra biografia aparece entre aspas pelo simples facto de n\u00e3o haver aqui novas revela\u00e7\u00f5es e factos desconhecidos sobre o percurso do antigo primeiro-ministro. Ali\u00e1s, esse m\u00e9todo \u00e9 explicado logo no in\u00edcio pelo autor que quis \u201climitar a [\u2026] investiga\u00e7\u00e3o \u00e0quilo que foi publicado em jornais, revistas e livros; ao que foi ouvido nas r\u00e1dios ou visto nas televis\u00f5es\u201d. O m\u00e9todo tinha dois objetivos: surpreender o leitor com hist\u00f3rias que j\u00e1 tinham sido divulgadas mas que, entretanto, tinham ca\u00eddo no esquecimento, e demonstrar a tese de que \u201ca personalidade de Jos\u00e9 S\u00f3crates, as suas contradi\u00e7\u00f5es e os seus m\u00e9todos estiveram \u00e0 vista de todos ao longo dos anos em que ele exerceu o poder\u201d.<\/p>\n<p>O primeiro objetivo \u00e9 amplamente alcan\u00e7ado: a grande maioria dos leitores ser\u00e1 surpreendida, pelo menos ao n\u00edvel dos pormenores, por muitas das hist\u00f3rias aqui relatadas e enquadradas. Mas \u00e9 precisamente isso que compromete o segundo objetivo e que, paradoxalmente, justifica a necessidade deste livro. Se muitos dos factos aqui compilados s\u00e3o surpreendentes \u2013 e se o s\u00e3o, isso n\u00e3o se deve a uma peculiar propens\u00e3o nacional para a amn\u00e9sia c\u00edvica \u2013 o livro fica justificado por nos oferecer, a esta dist\u00e2ncia, uma vis\u00e3o de conjunto que liga acontecimentos e personagens entre si.<\/p>\n<p>A tese, inegavelmente tentadora, aponta para uma responsabilidade coletiva e institucional na ascens\u00e3o pol\u00edtica de S\u00f3crates, mas ignora a dificuldade, na altura dos acontecimentos, de pegar nos fios esparsos de uma atividade pol\u00edtica iniciada ainda nos anos 70 e ir tecendo em simult\u00e2neo uma tape\u00e7aria coerente e reveladora. O m\u00e9todo escolhido por JMT s\u00f3 \u00e9 poss\u00edvel porque houve alguma dose de escrut\u00ednio a montante. Que esse escrut\u00ednio n\u00e3o tenha impedido Jos\u00e9 S\u00f3crates de chegar ao poder e de se manter a\u00ed durante seis anos deve-se \u00e0s caracter\u00edsticas do homem e \u00e0s circunst\u00e2ncias pol\u00edticas em que ele se afirmou. Dessas circunst\u00e2ncias fazem certamente parte as institui\u00e7\u00f5es, n\u00e3o isentas de defeitos e de v\u00edcios, mas aqui a \u201cdebilidade institucional\u201d \u00e9 uma raz\u00e3o t\u00e3o vaporosa quanto os c\u00e9lebres \u201cproblemas estruturais\u201d do pa\u00eds.<\/p>\n<p>                    <img src=\"https:\/\/bordalo.observador.pt\/v2\/q:60\/rs:fill:1440\/c:1796:2600:nowe:0:0\/plain\/https:\/\/s3.observador.pt\/wp-content\/uploads\/2025\/10\/17113318\/jose-socrates-ascensao-capa-livro.jpg\" alt=\"\" loading=\"lazy\" decoding=\"async\" width=\"1796\" height=\"2600\" class=\"news-photo\" onload=\"this.parentElement.classList.remove('spinner')\" onerror=\"this.parentElement.classList.remove('spinner')\"\/>                <\/p>\n<p class=\"legenda\">\n            \u25b2 A capa de &#8220;Jos\u00e9 S\u00f3crates: Ascens\u00e3o&#8221;, de Jo\u00e3o Miguel Tavares (D. Quixote)<\/p>\n<p>O problema maior da tese \u00e9 que nos empurra para o excecionalismo de S\u00f3crates (as suas qualidades m\u00e1gicas que lhe permitiram esconder-se \u201cdebaixo dos holofotes\u201d, como afirma JMT) e para o excecionalismo das institui\u00e7\u00f5es democr\u00e1ticas em Portugal (os seus v\u00edcios inultrapass\u00e1veis e especificamente lusitanos). Ora, o que o livro demonstra \u00e9 que nem S\u00f3crates era assim t\u00e3o excecional (em ambos os sentidos da palavra), patente na afirma\u00e7\u00e3o de JMT de que \u201cJos\u00e9 S\u00f3crates \u00e9 um puro produto das estruturas partid\u00e1rias da democracia portuguesa\u201d, nem a sua ascens\u00e3o se explica por uma debilidade excecional das institui\u00e7\u00f5es. Se as estruturas partid\u00e1rias produziram pol\u00edticos como Jos\u00e9 S\u00f3crates, era natural que, mais cedo ou mais tarde, algum deles chegasse ao poder, o que atenua, de alguma forma, o impacto da constata\u00e7\u00e3o inicial de que S\u00f3crates foi o primeiro pol\u00edtico desde a instaura\u00e7\u00e3o da Rep\u00fablica a chegar ao poder sem vir de boas fam\u00edlias ou sem ter um s\u00f3lido percurso acad\u00e9mico.<\/p>\n<p>Voltemos \u00e0 dimens\u00e3o romanesca da personagem S\u00f3crates que \u00e9, reconhe\u00e7o, a grande personagem liter\u00e1ria portuguesa dos \u00faltimos vinte e cinco anos. Uma das raz\u00f5es para ainda n\u00e3o ningu\u00e9m ter feito de S\u00f3crates o seu Eug\u00e8ne de Rastignac est\u00e1 na profus\u00e3o de epis\u00f3dios rocambolescos e c\u00f3micos enumerados neste livro. Quem precisa de fic\u00e7\u00e3o quando a realidade a supera e dispensa? Dos prim\u00f3rdios provincianos aos esquemas aut\u00e1rquicos, das amizades envergonhadas aos luxos de nababo, das aventuras semi-acad\u00e9micas \u00e0s exibi\u00e7\u00f5es de erudi\u00e7\u00e3o posti\u00e7a, da linguagem feroz e camiliana \u00e0 obsess\u00e3o com a imagem, da suposta fortuna do av\u00f4 do volfr\u00e2mio aos apartamentos milion\u00e1rios, da m\u00e3e humilde que de repente se v\u00ea administradora de offshores \u00e0s trag\u00e9dias inconceb\u00edveis que se abatem sobre a fam\u00edlia, \u00e9 tudo excessivo, exagerado, uma sucess\u00e3o de acontecimentos e de personalidades que nem o chamado realismo hist\u00e9rico seria capaz de acomodar sem so\u00e7obrar sob o peso da inverosimilhan\u00e7a.<\/p>\n<p>A outra raz\u00e3o para a literatura atual n\u00e3o se aproveitar de S\u00f3crates \u00e9 que a literatura de h\u00e1 150 anos j\u00e1 o fez, com mais arte e proveito. De certo modo, S\u00f3crates j\u00e1 est\u00e1 n\u2019A Queda dum Anjo ou n\u2019O Conde d\u2019Abranhos. Quando Calisto El\u00f3i, depois de descer \u00e0 cidade e se aperceber que a sua indument\u00e1ria n\u00e3o est\u00e1 de acordo com a moda e os novos tempos, atualiza as suas fatiotas, \u00e9 Jos\u00e9 S\u00f3crates. Quando o bi\u00f3grafo de Al\u00edpio Abranhos menciona, acintosamente, a falta de vida intelectual do seu biografado na inf\u00e2ncia \u00e9 imposs\u00edvel n\u00e3o pensar no que JMT escreve de S\u00f3crates \u2013 \u201cdeseja o prest\u00edgio acad\u00e9mico, mas n\u00e3o o trabalho que ele d\u00e1\u201d \u2013 ou nas justifica\u00e7\u00f5es do pr\u00f3prio S\u00f3crates para a sua falta de dedica\u00e7\u00e3o aos estudos quando, ainda na d\u00e9cada de 70, andou por Coimbra \u2013 \u201ctive outras aprendizagens\u201d. Quando o Conde afirma \u201cque desde novo, fui inclinadote a agitar quest\u00f5es sociais\u201d, podemos ouvir a voz de S\u00f3crates a dizer \u201ctive a certeza de que a engenharia n\u00e3o era o meu destino. \u00c9 o mundo dos pormenores e eu tenho uma intelig\u00eancia direcionada para o abstrato\u201d.<\/p>\n","protected":false},"excerpt":{"rendered":"Na introdu\u00e7\u00e3o a esta \u201cbiografia\u201d de Jos\u00e9 S\u00f3crates, Jo\u00e3o Miguel Tavares (JMT) cita o escritor Jos\u00e9 Rentes de&hellip;\n","protected":false},"author":2,"featured_media":127710,"comment_status":"","ping_status":"","sticky":false,"template":"","format":"standard","meta":{"footnotes":""},"categories":[10],"tags":[27,28,315,15,16,14,29171,25,26,864,170,21,22,12,13,19,20,302,32,23,24,33,17,18,29,30,31],"class_list":{"0":"post-127709","1":"post","2":"type-post","3":"status-publish","4":"format-standard","5":"has-post-thumbnail","7":"category-portugal","8":"tag-breaking-news","9":"tag-breakingnews","10":"tag-cultura","11":"tag-featured-news","12":"tag-featurednews","13":"tag-headlines","14":"tag-josu00e9-su00f3crates","15":"tag-latest-news","16":"tag-latestnews","17":"tag-literatura","18":"tag-livros","19":"tag-main-news","20":"tag-mainnews","21":"tag-news","22":"tag-noticias","23":"tag-noticias-principais","24":"tag-noticiasprincipais","25":"tag-polu00edtica","26":"tag-portugal","27":"tag-principais-noticias","28":"tag-principaisnoticias","29":"tag-pt","30":"tag-top-stories","31":"tag-topstories","32":"tag-ultimas","33":"tag-ultimas-noticias","34":"tag-ultimasnoticias"},"share_on_mastodon":{"url":"https:\/\/pubeurope.com\/@pt\/115443094733803737","error":""},"_links":{"self":[{"href":"https:\/\/www.europesays.com\/pt\/wp-json\/wp\/v2\/posts\/127709","targetHints":{"allow":["GET"]}}],"collection":[{"href":"https:\/\/www.europesays.com\/pt\/wp-json\/wp\/v2\/posts"}],"about":[{"href":"https:\/\/www.europesays.com\/pt\/wp-json\/wp\/v2\/types\/post"}],"author":[{"embeddable":true,"href":"https:\/\/www.europesays.com\/pt\/wp-json\/wp\/v2\/users\/2"}],"replies":[{"embeddable":true,"href":"https:\/\/www.europesays.com\/pt\/wp-json\/wp\/v2\/comments?post=127709"}],"version-history":[{"count":0,"href":"https:\/\/www.europesays.com\/pt\/wp-json\/wp\/v2\/posts\/127709\/revisions"}],"wp:featuredmedia":[{"embeddable":true,"href":"https:\/\/www.europesays.com\/pt\/wp-json\/wp\/v2\/media\/127710"}],"wp:attachment":[{"href":"https:\/\/www.europesays.com\/pt\/wp-json\/wp\/v2\/media?parent=127709"}],"wp:term":[{"taxonomy":"category","embeddable":true,"href":"https:\/\/www.europesays.com\/pt\/wp-json\/wp\/v2\/categories?post=127709"},{"taxonomy":"post_tag","embeddable":true,"href":"https:\/\/www.europesays.com\/pt\/wp-json\/wp\/v2\/tags?post=127709"}],"curies":[{"name":"wp","href":"https:\/\/api.w.org\/{rel}","templated":true}]}}