{"id":127765,"date":"2025-10-27T00:47:35","date_gmt":"2025-10-27T00:47:35","guid":{"rendered":"https:\/\/www.europesays.com\/pt\/127765\/"},"modified":"2025-10-27T00:47:35","modified_gmt":"2025-10-27T00:47:35","slug":"os-novos-herois-de-kharkiv-ucranianos-salvam-48-criancas-durante-ataque-russo","status":"publish","type":"post","link":"https:\/\/www.europesays.com\/pt\/127765\/","title":{"rendered":"Os novos her\u00f3is de Kharkiv: ucranianos salvam 48 crian\u00e7as durante ataque russo"},"content":{"rendered":"<p data-remotead-prev-elm=\"true\" data-remotead-elm-id=\"inread\">As fotografias do dram\u00e1tico resgate est\u00e3o a correr mundo e rapidamente se tornaram virais. Nelas veem-se homens de v\u00e1rias idades a sa\u00edrem de um edif\u00edcio em chamas com os menores ao colo embrulhados em mantas que lhes cobriam os pequenos corpos.<\/p>\n<p>&#8220;Recebemos a informa\u00e7\u00e3o de que havia ocorrido o ataque e, sabendo que haveria crian\u00e7as no local, partimos imediatamente em seu socorro&#8221;, contou \u00e0 brit\u00e2nica BBC Oleksandr Volobuev, um dos intr\u00e9pidos participantes na opera\u00e7\u00e3o.<\/p>\n<p>Fedir Uhnenko tamb\u00e9m se encontrava nas redondezas e n\u00e3o pensou duas vezes. Este assessor de imprensa do Servi\u00e7o de Defesa Civil n\u00e3o esquece o que viveu e presenciou. &#8220;Ouvi uma grande explos\u00e3o e percebi o horror nos olhos dos pequenos&#8221;, disse Uhnenko, tamb\u00e9m \u00e0 BBC. &#8220;Disse ao menino que consegui retirar do interior do edif\u00edcio que me agarrasse com a for\u00e7a que quisesse. D\u00e1 para percebe na foto que nos foi tirada que ele fez isso mesmo&#8221;, relatou.<\/p>\n<p data-remotead-prev-elm=\"true\" data-remotead-elm-id=\"centro1\"><img decoding=\"async\" class=\"ngx-body\" guid=\"f42b1d67-256a-4b6f-bdc2-82165d0c3c51\" src=\"https:\/\/www.europesays.com\/pt\/wp-content\/uploads\/2025\/10\/1761526042_8_image.jpg\" width=\"100%\"\/><img decoding=\"async\" class=\"ngx-body\" guid=\"90b184c8-d640-4d8d-b710-be403f69ace6\" src=\"https:\/\/www.europesays.com\/pt\/wp-content\/uploads\/2025\/10\/1761526044_89_image.jpg\" width=\"100%\"\/><img decoding=\"async\" class=\"ngx-body\" guid=\"e5c65261-3df3-4098-8558-5ccdc6104db2\" src=\"https:\/\/www.europesays.com\/pt\/wp-content\/uploads\/2025\/10\/1761526046_773_image.jpg\" width=\"100%\"\/><img decoding=\"async\" class=\"ngx-body\" guid=\"876ea314-ee62-4a82-b3f8-8a8d3b15dabb\" src=\"https:\/\/www.europesays.com\/pt\/wp-content\/uploads\/2025\/10\/1761526047_198_image.jpg\" width=\"100%\"\/><img decoding=\"async\" class=\"ngx-body\" guid=\"6f1e6144-3e58-4d6e-85d2-11735e1d52ca\" src=\"https:\/\/www.europesays.com\/pt\/wp-content\/uploads\/2025\/10\/1761526049_247_image.jpg\" width=\"100%\"\/><img decoding=\"async\" class=\"ngx-body\" guid=\"7e891d63-d2d5-43eb-b095-125755a4808e\" src=\"https:\/\/www.europesays.com\/pt\/wp-content\/uploads\/2025\/10\/1761526051_123_image.jpg\" width=\"100%\"\/><img decoding=\"async\" class=\"ngx-body\" guid=\"ce0fdf32-2237-43b8-a4b9-1e730fac7f5a\" src=\"https:\/\/www.europesays.com\/pt\/wp-content\/uploads\/2025\/10\/1761526053_475_image.jpg\" width=\"100%\"\/><img decoding=\"async\" class=\"ngx-body\" guid=\"38b15bcc-f120-46a2-9717-838e9f6eca5c\" src=\"https:\/\/www.europesays.com\/pt\/wp-content\/uploads\/2025\/10\/1761526055_978_image.jpg\" width=\"100%\"\/><br \/>Fotos: EPA<\/p>\n<p>Todas as crian\u00e7as que se encontravam no local aquando do ataque n\u00e3o sofreram ferimentos e foram transportadas para um ponto seguro. No entanto, um adulto que trabalhava nas proximidades acabou por morrer e outros nove ficaram feridos.<\/p>\n<p>&#8220;N\u00e3o h\u00e1 qualquer justifica\u00e7\u00e3o para atingir um jardim de inf\u00e2ncia, nem jamais poder\u00e1 haver. A R\u00fassia est\u00e1 claramente a ficar mais descarada&#8221;, classificou Volodymyr Zelensky, presidente da Ucr\u00e2nia. logo ap\u00f3s o ataque.<\/p>\n","protected":false},"excerpt":{"rendered":"As fotografias do dram\u00e1tico resgate est\u00e3o a correr mundo e rapidamente se tornaram virais. Nelas veem-se homens de&hellip;\n","protected":false},"author":2,"featured_media":127766,"comment_status":"","ping_status":"","sticky":false,"template":"","format":"standard","meta":{"footnotes":""},"categories":[50],"tags":[27,28,15,16,14,18280,11327,25,26,21,22,62,12,13,19,20,23,24,17,18,840,29,30,31,63,64,65],"class_list":{"0":"post-127765","1":"post","2":"type-post","3":"status-publish","4":"format-standard","5":"has-post-thumbnail","7":"category-mundo","8":"tag-breaking-news","9":"tag-breakingnews","10":"tag-featured-news","11":"tag-featurednews","12":"tag-headlines","13":"tag-herois","14":"tag-kharkiv","15":"tag-latest-news","16":"tag-latestnews","17":"tag-main-news","18":"tag-mainnews","19":"tag-mundo","20":"tag-news","21":"tag-noticias","22":"tag-noticias-principais","23":"tag-noticiasprincipais","24":"tag-principais-noticias","25":"tag-principaisnoticias","26":"tag-top-stories","27":"tag-topstories","28":"tag-ucrania","29":"tag-ultimas","30":"tag-ultimas-noticias","31":"tag-ultimasnoticias","32":"tag-world","33":"tag-world-news","34":"tag-worldnews"},"share_on_mastodon":{"url":"https:\/\/pubeurope.com\/@pt\/115443378575320792","error":""},"_links":{"self":[{"href":"https:\/\/www.europesays.com\/pt\/wp-json\/wp\/v2\/posts\/127765","targetHints":{"allow":["GET"]}}],"collection":[{"href":"https:\/\/www.europesays.com\/pt\/wp-json\/wp\/v2\/posts"}],"about":[{"href":"https:\/\/www.europesays.com\/pt\/wp-json\/wp\/v2\/types\/post"}],"author":[{"embeddable":true,"href":"https:\/\/www.europesays.com\/pt\/wp-json\/wp\/v2\/users\/2"}],"replies":[{"embeddable":true,"href":"https:\/\/www.europesays.com\/pt\/wp-json\/wp\/v2\/comments?post=127765"}],"version-history":[{"count":0,"href":"https:\/\/www.europesays.com\/pt\/wp-json\/wp\/v2\/posts\/127765\/revisions"}],"wp:featuredmedia":[{"embeddable":true,"href":"https:\/\/www.europesays.com\/pt\/wp-json\/wp\/v2\/media\/127766"}],"wp:attachment":[{"href":"https:\/\/www.europesays.com\/pt\/wp-json\/wp\/v2\/media?parent=127765"}],"wp:term":[{"taxonomy":"category","embeddable":true,"href":"https:\/\/www.europesays.com\/pt\/wp-json\/wp\/v2\/categories?post=127765"},{"taxonomy":"post_tag","embeddable":true,"href":"https:\/\/www.europesays.com\/pt\/wp-json\/wp\/v2\/tags?post=127765"}],"curies":[{"name":"wp","href":"https:\/\/api.w.org\/{rel}","templated":true}]}}