{"id":12777,"date":"2025-08-02T10:58:07","date_gmt":"2025-08-02T10:58:07","guid":{"rendered":"https:\/\/www.europesays.com\/pt\/12777\/"},"modified":"2025-08-02T10:58:07","modified_gmt":"2025-08-02T10:58:07","slug":"kpopped-apple-tv-revela-trailer-de-reality-musical-de-k-pop-com-psy-e-megan-thee-stallion-jc","status":"publish","type":"post","link":"https:\/\/www.europesays.com\/pt\/12777\/","title":{"rendered":"KPopped: Apple TV revela trailer de reality musical de k-pop com PSY e Megan Thee Stallion &#8211; JC"},"content":{"rendered":"<ol>\n<li><a href=\"https:\/\/news.google.com\/rss\/articles\/CBMi3wFBVV95cUxPMmhoMFRBWHNZc3VyTm80NnZsOTI5TkVyUEQyQ2hWQjJLQTFoekhVcWFwSGVGQmdhTGhMblYydFZqeEllU0Z5TXFzb1NrVGxCcUxqU1BlQm15bC1lb2Naby1pZjdrQ1plTF8xUXJ1MDdtcWdmTGJnZDJrSGRGMHhERHIwLTVPZ0VMUnNvcWtrUDRNQUhiU3RqRlpWUjlLczZ0NjJSNG14UzBaeU1zUVZOZkM1Yjk0UU00QmJIX2dCLUpfcEdGWkJublJxTGJMOExVODRuSWo2bXhTWUlrSjFF?oc=5\" target=\"_blank\" rel=\"nofollow noopener\">KPopped: Apple TV revela trailer de reality musical de k-pop com PSY e Megan Thee Stallion<\/a>&nbsp;&nbsp;JC<\/li>\n<li><a href=\"https:\/\/news.google.com\/rss\/articles\/CBMiigFBVV95cUxONlhaUXVFRkh4NURLSWpvdkFHYWZ0TXMtM2NuNm4wSlpQcjdHVUlWcEVjRHk4YjZJUkxjQkdWYjRRdlVGa3RBM1p1VjlrNndJODJYR1pEUnNLUEp1bThBYWwzOV9jNXdpOFFVM3B3TnFGRUVjRTRmLXhtOTlUZDNtdzNobW5qYnpOT1HSAY8BQVVfeXFMUGpZN2p3VzBlelFnOHlveDFGc18zY1hWcThUQ2RfNkJfQmFsNWpZN2VTYTBoUU8wallaSlZ3bFRaTU5PUDZWWVI5NVlnRGpTY0YzWXJTTTdFVmJaQU13MS1ESWdiakp0U1l2TjZaX1N3cUVGUVpHZ3ZLM2VqMFdtbHlvRHRjWHFtYlplUGptaVk?oc=5\" target=\"_blank\" rel=\"nofollow noopener\">KPopped | Reality musical de k-pop do Apple TV+ ganha trailer oficial<\/a>&nbsp;&nbsp;Omelete<\/li>\n<li><a href=\"https:\/\/news.google.com\/rss\/articles\/CBMivwFBVV95cUxObS1iblR3eHJfaThNM3ByR1pUbWZrSHlwUFZDR29mSXIwZUtMTzgyNDVfT1BLRDBwZ2NVU1VIZE5nWmNsOWRXSVl5UmVNWmpheG5WUkNYLU9nQnlkNnJsRy1hd2p4NnpnYWdKUmh1Z25fTEx2RDRrVWIxbkd3MElKVk5DM1RXTHI0YVcxSEFILU5iX2o0dFFyNUhEcXQzaWp2enZHcFQ0bGxtQjd4dEpjSlRFR3JEVnVnRl9vNzBsUQ?oc=5\" target=\"_blank\" rel=\"nofollow noopener\">Spice Girls, Kylie Minogue, ITZY e mais se enfrentam em novo programa de K-Pop da Apple TV+<\/a>&nbsp;&nbsp;papelpop<\/li>\n<li><a href=\"https:\/\/news.google.com\/rss\/articles\/CBMiygFBVV95cUxQMF9UdVVIOUNONEJ5bUZFVEJDbHNGZ215YlowNW9ZTnBoNW9KVk5hUmNCUE4yV01OV19ualVLZ1BSblZNX1VTUWt4dGNyVWY1XzYxcGQtWmJkZnNMUnBGNndtRU02U1AyNExMVWNYdy1iNl9uUHBKSzJjSDJKU1d5d0NpU3hnVjNWVFl6Q2VEU2pWUUphMzZBSFJQMWg2LTFrMlBrMDBCdW91TWVtSHZ0ZENfMVhuWEZmOHRyNHV2RFEwdDQ2SDhCUmlR?oc=5\" target=\"_blank\" rel=\"nofollow noopener\">Apple TV+ lan\u00e7a trailer de &#8220;KPOPPED&#8221;, com PSY e Megan Thee Stallion; s\u00e9rie estrear\u00e1 em 29\/8<\/a>&nbsp;&nbsp;MacMagazine<\/li>\n<li><a href=\"https:\/\/news.google.com\/rss\/articles\/CBMi0gFBVV95cUxNZ25UR01VLVF0NmYtTUc2amtCdkkzN21xdndLNC1NZjJLSFVJQzJ1V0JsVmFrUk5ZazFwdUlNd2NZaHg3NUdRVVJjeEJ0Ty1jVllxdlg0OFFYNC0zSXhHN1M4VDJId0FOWlhPR3dXVG9OeXVpa2lWUmd3T2tfTW5BY0QxY29qMDVFZWV0ZkZrVmtsaUpQMHhIal9RN2I5TXhCREpCYW90dmpPUEFocUtCUm5JcHhSeW9EMWJTRkVIZUl4WkxxTGNwbG1uTWlPdmRKT0HSAdcBQVVfeXFMT2gtejNuSG5jX3UxUU5TdzhpQXpld3VvcDJrajhKbm8yREl5TEpUdWpBQUotRHJjMHl2X1l2YVFKNVNkdURaYkl1VXZEQjVQUDN1Y3lXWWhIUGdneWVhOVFLMTVQOE94VHJ4Um9Tb2hsU3pJZ0lDZTJwcmdLZEg3M0g2cDJ6YkZNVDgwdHhxTDczZE9nbzRPaC1PaUJzWFRBMTdOTzdIM29jWmg4Zmg1eTItcEYwaDE5SEt4T1IycVRHQ3hQdGRXNURvUjZnbnpMODBnbEh1dms?oc=5\" target=\"_blank\" rel=\"nofollow noopener\">KPOPPED: Colabora\u00e7\u00f5es de reality show que une k-pop e m\u00fasica ocidental s\u00e3o reveladas<\/a>&nbsp;&nbsp;Recreio<\/li>\n<\/ol>\n","protected":false},"excerpt":{"rendered":"KPopped: Apple TV revela trailer de reality musical de k-pop com PSY e Megan Thee Stallion&nbsp;&nbsp;JC KPopped |&hellip;\n","protected":false},"author":2,"featured_media":12778,"comment_status":"","ping_status":"","sticky":false,"template":"","format":"standard","meta":{"footnotes":""},"categories":[141],"tags":[114,115,149,150,32,33],"class_list":{"0":"post-12777","1":"post","2":"type-post","3":"status-publish","4":"format-standard","5":"has-post-thumbnail","7":"category-musica","8":"tag-entertainment","9":"tag-entretenimento","10":"tag-music","11":"tag-musica","12":"tag-portugal","13":"tag-pt"},"share_on_mastodon":{"url":"","error":""},"_links":{"self":[{"href":"https:\/\/www.europesays.com\/pt\/wp-json\/wp\/v2\/posts\/12777","targetHints":{"allow":["GET"]}}],"collection":[{"href":"https:\/\/www.europesays.com\/pt\/wp-json\/wp\/v2\/posts"}],"about":[{"href":"https:\/\/www.europesays.com\/pt\/wp-json\/wp\/v2\/types\/post"}],"author":[{"embeddable":true,"href":"https:\/\/www.europesays.com\/pt\/wp-json\/wp\/v2\/users\/2"}],"replies":[{"embeddable":true,"href":"https:\/\/www.europesays.com\/pt\/wp-json\/wp\/v2\/comments?post=12777"}],"version-history":[{"count":0,"href":"https:\/\/www.europesays.com\/pt\/wp-json\/wp\/v2\/posts\/12777\/revisions"}],"wp:featuredmedia":[{"embeddable":true,"href":"https:\/\/www.europesays.com\/pt\/wp-json\/wp\/v2\/media\/12778"}],"wp:attachment":[{"href":"https:\/\/www.europesays.com\/pt\/wp-json\/wp\/v2\/media?parent=12777"}],"wp:term":[{"taxonomy":"category","embeddable":true,"href":"https:\/\/www.europesays.com\/pt\/wp-json\/wp\/v2\/categories?post=12777"},{"taxonomy":"post_tag","embeddable":true,"href":"https:\/\/www.europesays.com\/pt\/wp-json\/wp\/v2\/tags?post=12777"}],"curies":[{"name":"wp","href":"https:\/\/api.w.org\/{rel}","templated":true}]}}