{"id":127787,"date":"2025-10-27T01:03:14","date_gmt":"2025-10-27T01:03:14","guid":{"rendered":"https:\/\/www.europesays.com\/pt\/127787\/"},"modified":"2025-10-27T01:03:14","modified_gmt":"2025-10-27T01:03:14","slug":"climaximo-interrompe-meia-maratona-de-lisboa-e-acusa-edp-de-greenwashing-alteracoes-climaticas","status":"publish","type":"post","link":"https:\/\/www.europesays.com\/pt\/127787\/","title":{"rendered":"Clim\u00e1ximo interrompe Meia Maratona de Lisboa e acusa EDP de greenwashing | Altera\u00e7\u00f5es clim\u00e1ticas"},"content":{"rendered":"<p>Tr\u00eas activistas do movimento ambientalista Clim\u00e1ximo interromperam este domingo o final da Meia Maratona de Lisboa, sentando-se na meta para acusar a patrocinadora EDP de greenwashing e exigir o fim dos combust\u00edveis f\u00f3sseis at\u00e9 2030.<\/p>\n<p>Em comunicado, a Clim\u00e1ximo explica que a ac\u00e7\u00e3o visou denunciar o que os activistas consideram ser uma tentativa da empresa de &#8220;lavar o sangue das suas m\u00e3os&#8221; atrav\u00e9s do patroc\u00ednio de eventos sociais e desportivos.<\/p>\n<p>Os jovens sentaram-se na meta da Meia Maratona, empunhando cartazes com frases como &#8220;Fim ao F\u00f3ssil at\u00e9 2030!&#8221;, &#8220;3% do territ\u00f3rio ardido&#8221; e &#8220;Ver\u00e3o mais quente e seco dos \u00faltimos 94 anos&#8221;.<\/p>\n<p>De acordo com o movimento, a EDP continua a operar centrais a g\u00e1s f\u00f3ssil, impedindo uma transi\u00e7\u00e3o energ\u00e9tica justa. &#8220;Em 2025 j\u00e1 n\u00e3o h\u00e1 nenhuma empresa que possa alegar desconhecer que a sua actividade est\u00e1 a causar directamente milh\u00f5es de mortes e desalojamentos for\u00e7ados e a destruir as condi\u00e7\u00f5es b\u00e1sicas para a exist\u00eancia da vida. Precisamos do fim dos combust\u00edveis f\u00f3sseis at\u00e9 2030 \u2014 isto \u00e9 uma medida existencial&#8221;, salienta a porta-voz Matilde Alvim, citada no comunicado.<\/p>\n<p>                &#13;<br \/>\n                    &#13;<br \/>\n                    &#13;<br \/>\n                        Activistas sentaram-se junto \u00e0 meta&#13;<br \/>\nDR                    &#13;<\/p>\n<p>O <a href=\"https:\/\/www.publico.pt\/2025\/08\/22\/azul\/noticia\/colectivo-climaximo-coloca-cartazes-navigator-atribuir-responsabilidade-incendios-2144654\" rel=\"nofollow noopener\" target=\"_blank\">movimento ambientalista<\/a> recorda que &#8220;o g\u00e1s \u00e9 t\u00e3o danoso como o petr\u00f3leo ou o carv\u00e3o&#8221;, sublinhando que Portugal &#8220;precisaria de ter electricidade 100% renov\u00e1vel e gratuita j\u00e1 este ano&#8221; para ficar &#8220;dentro dos limites de aquecimento delimitados pela ci\u00eancia clim\u00e1tica&#8221;.<\/p>\n<p>&#8220;Ao inv\u00e9s disso, governos e empresas prendem-nos ao g\u00e1s f\u00f3ssil como suposta &#8220;energia de transi\u00e7\u00e3o&#8221;. N\u00e3o est\u00e1 a haver uma transi\u00e7\u00e3o energ\u00e9tica dos combust\u00edveis f\u00f3sseis para as energias renov\u00e1veis, mas sim uma expans\u00e3o energ\u00e9tica da diversifica\u00e7\u00e3o das fontes de energia e de lucro de empresas como a EDP&#8221;, lamentou o grupo.<\/p>\n<p>A Clim\u00e1ximo acrescentou que 2024 foi &#8220;o ano mais quente desde que h\u00e1 registo&#8221;, com a temperatura m\u00e9dia global a ultrapassar pela primeira vez os 1,5\u00b0C face \u00e0 era pr\u00e9-industrial.<\/p>\n<p>Contactada pela Lusa, a EDP optou por n\u00e3o comentar as acusa\u00e7\u00f5es feitas pelo Clim\u00e1ximo.<\/p>\n","protected":false},"excerpt":{"rendered":"Tr\u00eas activistas do movimento ambientalista Clim\u00e1ximo interromperam este domingo o final da Meia Maratona de Lisboa, sentando-se na&hellip;\n","protected":false},"author":2,"featured_media":127788,"comment_status":"","ping_status":"","sticky":false,"template":"","format":"standard","meta":{"footnotes":""},"categories":[10],"tags":[2335,785,27,28,787,2271,29186,15,16,14,25,26,797,21,22,12,13,19,20,542,32,23,24,33,17,18,29,30,31],"class_list":{"0":"post-127787","1":"post","2":"type-post","3":"status-publish","4":"format-standard","5":"has-post-thumbnail","7":"category-portugal","8":"tag-alteracoes-climaticas","9":"tag-azul","10":"tag-breaking-news","11":"tag-breakingnews","12":"tag-causas","13":"tag-clima","14":"tag-climaximo","15":"tag-featured-news","16":"tag-featurednews","17":"tag-headlines","18":"tag-latest-news","19":"tag-latestnews","20":"tag-lisboa","21":"tag-main-news","22":"tag-mainnews","23":"tag-news","24":"tag-noticias","25":"tag-noticias-principais","26":"tag-noticiasprincipais","27":"tag-para-redes","28":"tag-portugal","29":"tag-principais-noticias","30":"tag-principaisnoticias","31":"tag-pt","32":"tag-top-stories","33":"tag-topstories","34":"tag-ultimas","35":"tag-ultimas-noticias","36":"tag-ultimasnoticias"},"share_on_mastodon":{"url":"https:\/\/pubeurope.com\/@pt\/115443440277720887","error":""},"_links":{"self":[{"href":"https:\/\/www.europesays.com\/pt\/wp-json\/wp\/v2\/posts\/127787","targetHints":{"allow":["GET"]}}],"collection":[{"href":"https:\/\/www.europesays.com\/pt\/wp-json\/wp\/v2\/posts"}],"about":[{"href":"https:\/\/www.europesays.com\/pt\/wp-json\/wp\/v2\/types\/post"}],"author":[{"embeddable":true,"href":"https:\/\/www.europesays.com\/pt\/wp-json\/wp\/v2\/users\/2"}],"replies":[{"embeddable":true,"href":"https:\/\/www.europesays.com\/pt\/wp-json\/wp\/v2\/comments?post=127787"}],"version-history":[{"count":0,"href":"https:\/\/www.europesays.com\/pt\/wp-json\/wp\/v2\/posts\/127787\/revisions"}],"wp:featuredmedia":[{"embeddable":true,"href":"https:\/\/www.europesays.com\/pt\/wp-json\/wp\/v2\/media\/127788"}],"wp:attachment":[{"href":"https:\/\/www.europesays.com\/pt\/wp-json\/wp\/v2\/media?parent=127787"}],"wp:term":[{"taxonomy":"category","embeddable":true,"href":"https:\/\/www.europesays.com\/pt\/wp-json\/wp\/v2\/categories?post=127787"},{"taxonomy":"post_tag","embeddable":true,"href":"https:\/\/www.europesays.com\/pt\/wp-json\/wp\/v2\/tags?post=127787"}],"curies":[{"name":"wp","href":"https:\/\/api.w.org\/{rel}","templated":true}]}}