{"id":127794,"date":"2025-10-27T01:12:18","date_gmt":"2025-10-27T01:12:18","guid":{"rendered":"https:\/\/www.europesays.com\/pt\/127794\/"},"modified":"2025-10-27T01:12:18","modified_gmt":"2025-10-27T01:12:18","slug":"vacina-contra-a-covid-19-pode-ajudar-no-tratamento-do-cancer-diz-estudo","status":"publish","type":"post","link":"https:\/\/www.europesays.com\/pt\/127794\/","title":{"rendered":"Vacina contra a Covid-19 pode ajudar no tratamento do c\u00e2ncer, diz estudo"},"content":{"rendered":"<p>A pesquisa trouxe evid\u00eancias de que a tecnologia do imunizante pode ajudar na identifica\u00e7\u00e3o de c\u00e9lulas tumorais, ajudando no tratamento.<\/p>\n<p>Pesquisadores do MD Anderson Cancer Center, da Universidade do Texas, e da Universidade da Fl\u00f3rida conseguiram evid\u00eancias de que <strong>vacinas de mRNA contra a Covid-19, como as da Pfizer\/BioNTech e da Moderna, podem tornar os tumores resistentes mais sens\u00edveis a tratamentos imunoter\u00e1picos<\/strong>.<\/p>\n<p>O <a href=\"https:\/\/www.nature.com\/articles\/s41586-025-09655-y\" rel=\"noopener nofollow\" target=\"_blank\">estudo foi publicado na revista Nature<\/a>, apontando um caminho para melhorar a efic\u00e1cia de tratamentos em uma descoberta descrita como uma vit\u00f3ria para a ci\u00eancia. A seguir, voc\u00ea conhece mais detalhes sobre a pesquisa e os resultados obtidos pelos cientistas.<\/p>\n<p>Entenda como a vacina da Covid-19 pode ajudar no tratamento de c\u00e2ncer<\/p>\n<p>De acordo com o G1 e a Veja, os pesquisadores <strong>analisaram dados de 880 pacientes que receberam tratamento para c\u00e2ncer de pulm\u00e3o e melanomas entre 2015 e 2022<\/strong>. Esses pacientes usavam bloqueadores de checkpoint imunol\u00f3gico, que, segundo a publica\u00e7\u00e3o da Abril, &#8216;soltam os freios&#8217; do sistema imunol\u00f3gico para que ele volte a<a href=\"https:\/\/selecoes.ig.com.br\/saude\/veneno-de-aranha-pode-ajudar-na-cura-do-cancer-aponta-estudo\/\" rel=\"noopener nofollow\" target=\"_blank\"><strong> atacar o tumor<\/strong><\/a>.<\/p>\n<p>Os pacientes que<strong> receberam uma vacina de mRNA contra a Covid at\u00e9 100 dias antes ou depois do in\u00edcio da imunoterapia tiveram um aumento significativo na sua sobrevida<\/strong>. Para os casos de c\u00e2ncer de pulm\u00e3o avan\u00e7ado, a sobrevida mediana aumentou de 20,6 para 37,3 meses. No caso de melanoma, o aumento foi de 26 para mais de 36 meses.<\/p>\n<p>Al\u00e9m disso, a taxa de sobreviv\u00eancia em 3 anos para os n\u00e3o vacinados era de 30,8%, enquanto para os vacinados era de 55,7%. Em casos de <a href=\"https:\/\/selecoes.ig.com.br\/saude\/como-reconhecer-um-cancer-de-pele-antes-que-vire-metastase\/\" rel=\"noopener nofollow\" target=\"_blank\"><strong>melanoma<\/strong> <strong>metast\u00e1tico<\/strong><\/a>, o risco de morte caiu quase 60%.<\/p>\n<p>O G1 chamou aten\u00e7\u00e3o para o fato de que comportamentos semelhantes associados a vacina de influenza ou pneumonia no mesmo intervalo n\u00e3o foram observados, refor\u00e7ando que o est\u00edmulo \u00e9 espec\u00edfico da tecnologia de mRNA.<\/p>\n<p>Nesse sentido, o pneumologista Rodolfo Bacelar, da Comiss\u00e3o de Infec\u00e7\u00f5es Respirat\u00f3rias da Sociedade Brasileira de Pneumologia e Tisiologia (SBPT) comentou \u00e0 Veja que os casos do estudo n\u00e3o eram f\u00e1ceis, o que demonstra o potencial da decoberta. &#8220;Ter o dobro de chance de estar vivo ap\u00f3s tr\u00eas anos \u00e9, sim, um resultado animador&#8221;, disse o especialista.<\/p>\n<p>O que est\u00e1 por tr\u00e1s desses resultados?<\/p>\n<p>Os pesquisadores fizeram tamb\u00e9m experimentos em camundongos, ocasi\u00e3o em que reproduziram a f\u00f3rmula da vacina da Pfizer. Assim constataram que<strong> o imunizante provoca uma forte produ\u00e7\u00e3o de uma mol\u00e9cula conhecida com interferon, um sinalizador que ativa as c\u00e9lulas de defesa<\/strong> e as prepara para reconhecer e atacar c\u00e9lulas tumorais.<\/p>\n<p>De forma geral, a vacina &#8216;reprograma&#8217; o sistema imune para que ele volte a identificar o tumor. E essa resposta inflamat\u00f3ria \u00e9 respons\u00e1vel tamb\u00e9m pela eleva\u00e7\u00e3o de PD-L1, prote\u00edna cujo <strong>aumento ajuda a identificar as c\u00e9lulas que precisam ser desmascaradas<\/strong>.<\/p>\n<p>&#8220;Esses pacientes vacinados aumentavam a express\u00e3o de uma prote\u00edna chamada PD-L1 no tumor. O PD-L1 \u00e9 como uma capa de invisibilidade: ele camufla a c\u00e9lula tumoral, impedindo que o sistema imune a reconhe\u00e7a. As drogas anti-PD-L1, como o pembrolizumabe, tiram essa capa. Ent\u00e3o, quando h\u00e1 mais PD-L1, o alvo da imunoterapia fica mais claro e o tratamento se torna mais eficaz&#8221;, detalhou o oncologista Stephen Stefani, da Oncocl\u00ednicas e da Americas Health Foundation, ao G1.<\/p>\n<p>No entanto, destaca que as an\u00e1lises foram feitas com base em informa\u00e7\u00f5es de casos j\u00e1 ocorridos, o que indica possibilidade de interfer\u00eancia de outros fatores. Logo, <strong>s\u00e3o necess\u00e1rios mais testes para confirmar se essa estrat\u00e9gia poderia ser incorporada em tratamentos<\/strong>.\u00a0<\/p>\n<p>\u00c9 importante refor\u00e7ar tamb\u00e9m que as vacinas da Covid-19 n\u00e3o tratam o c\u00e2ncer, mas representam uma tecnologia promissora para tornar a imunoterapia mais eficaz. Se voc\u00ea se interessa por assuntos de sa\u00fade, vale a pena <a href=\"https:\/\/biblioteca.selecoes.com.br\/assine\/\" rel=\"noopener nofollow\" target=\"_blank\"><strong>assinar a revista Sele\u00e7\u00f5es<\/strong><\/a> e descobrir uma s\u00e9rie de conte\u00fados muito valiosos.\u00a0<\/p>\n","protected":false},"excerpt":{"rendered":"A pesquisa trouxe evid\u00eancias de que a tecnologia do imunizante pode ajudar na identifica\u00e7\u00e3o de c\u00e9lulas tumorais, ajudando&hellip;\n","protected":false},"author":2,"featured_media":127795,"comment_status":"","ping_status":"","sticky":false,"template":"","format":"standard","meta":{"footnotes":""},"categories":[86],"tags":[116,32,33,117,29188,18499,29190,29189],"class_list":{"0":"post-127794","1":"post","2":"type-post","3":"status-publish","4":"format-standard","5":"has-post-thumbnail","7":"category-saude","8":"tag-health","9":"tag-portugal","10":"tag-pt","11":"tag-saude","12":"tag-tratamento-contra-tumores","13":"tag-tratamento-de-cancer","14":"tag-vacina-de-covid","15":"tag-vacina-de-covid-pode-ajudar-no-tratamento-de-cancer"},"share_on_mastodon":{"url":"https:\/\/pubeurope.com\/@pt\/115443475775497134","error":""},"_links":{"self":[{"href":"https:\/\/www.europesays.com\/pt\/wp-json\/wp\/v2\/posts\/127794","targetHints":{"allow":["GET"]}}],"collection":[{"href":"https:\/\/www.europesays.com\/pt\/wp-json\/wp\/v2\/posts"}],"about":[{"href":"https:\/\/www.europesays.com\/pt\/wp-json\/wp\/v2\/types\/post"}],"author":[{"embeddable":true,"href":"https:\/\/www.europesays.com\/pt\/wp-json\/wp\/v2\/users\/2"}],"replies":[{"embeddable":true,"href":"https:\/\/www.europesays.com\/pt\/wp-json\/wp\/v2\/comments?post=127794"}],"version-history":[{"count":0,"href":"https:\/\/www.europesays.com\/pt\/wp-json\/wp\/v2\/posts\/127794\/revisions"}],"wp:featuredmedia":[{"embeddable":true,"href":"https:\/\/www.europesays.com\/pt\/wp-json\/wp\/v2\/media\/127795"}],"wp:attachment":[{"href":"https:\/\/www.europesays.com\/pt\/wp-json\/wp\/v2\/media?parent=127794"}],"wp:term":[{"taxonomy":"category","embeddable":true,"href":"https:\/\/www.europesays.com\/pt\/wp-json\/wp\/v2\/categories?post=127794"},{"taxonomy":"post_tag","embeddable":true,"href":"https:\/\/www.europesays.com\/pt\/wp-json\/wp\/v2\/tags?post=127794"}],"curies":[{"name":"wp","href":"https:\/\/api.w.org\/{rel}","templated":true}]}}