{"id":127806,"date":"2025-10-27T01:22:08","date_gmt":"2025-10-27T01:22:08","guid":{"rendered":"https:\/\/www.europesays.com\/pt\/127806\/"},"modified":"2025-10-27T01:22:08","modified_gmt":"2025-10-27T01:22:08","slug":"fabio-desfaz-se-em-lagrimas-com-a-expulsao-de-liliana-as-imagens-sao-emocionantes-secret-story","status":"publish","type":"post","link":"https:\/\/www.europesays.com\/pt\/127806\/","title":{"rendered":"F\u00e1bio desfaz-se em l\u00e1grimas com a &#8220;expuls\u00e3o&#8221; de Liliana. As imagens s\u00e3o emocionantes &#8211; Secret Story"},"content":{"rendered":"<p>\n                    F\u00e1bio ficou lavado em l\u00e1grimas ao saber que Liliana tinha sido &#8216;expulsa&#8217; do Secret Story. Veja as imagens in\u00e9ditas.\n                <\/p>\n<p><a href=\"https:\/\/tvi.iol.pt\/secretstory\/videos\/a-espera-terminou-saiba-quem-foi-o-concorrente-expulso\/68feb6f40cf29d28d8298c9a\" rel=\"nofollow noopener\" target=\"_blank\">Rui foi o expulso do Secret Story &#8211; Casa dos Segredos 9,<\/a> mas a Voz quis &#8216;pregar&#8217; uma partida a todos e simulou uma falsa expuls\u00e3o. A &#8220;lesada&#8221; f<strong>oi Liliana e F\u00e1bio acabou lavado em l\u00e1grimas <\/strong>ao ver que a companheira n\u00e3o regressou.\u00a0<\/p>\n<p>Num pranto, o jovem nortenho nem conseguiu proferir palavras quando Cristina Ferreira lhe perguntou como se estava a sentir. Minutos mais tarde, explicou que <strong>\u00abesperava que Liliana estivesse \u00e0 espera dele\u00bb<\/strong> c\u00e1 fora.<\/p>\n<p><strong>Veja o momento emotivo:<\/strong><\/p>\n<p>\u00a0<\/p>\n<p>Depois, L<strong>iliana regressou \u00e0 casa e entregou um envelope a Rui que revelava que era ele o verdadeiro susto.<\/strong> F\u00e1bio voltou a sorrir e respirou de al\u00edvio por ver a amiga especial e por saber que esta vai permanecer ao seu lado.\u00a0<\/p>\n<p><strong>Percorra a nossa galeria e veja todas as rea\u00e7\u00f5es<\/strong><\/p>\n","protected":false},"excerpt":{"rendered":"F\u00e1bio ficou lavado em l\u00e1grimas ao saber que Liliana tinha sido &#8216;expulsa&#8217; do Secret Story. Veja as imagens&hellip;\n","protected":false},"author":2,"featured_media":127807,"comment_status":"","ping_status":"","sticky":false,"template":"","format":"standard","meta":{"footnotes":""},"categories":[142],"tags":[114,115,19082,18672,18673,18674,19016,32,33,151],"class_list":{"0":"post-127806","1":"post","2":"type-post","3":"status-publish","4":"format-standard","5":"has-post-thumbnail","7":"category-tv","8":"tag-entertainment","9":"tag-entretenimento","10":"tag-fabio","11":"tag-fotos-oficiais-secret-story","12":"tag-galerias-casa-dos-segredos","13":"tag-imagens-concorrentes-tvi","14":"tag-liliana","15":"tag-portugal","16":"tag-pt","17":"tag-tv"},"share_on_mastodon":{"url":"https:\/\/pubeurope.com\/@pt\/115443514922475436","error":""},"_links":{"self":[{"href":"https:\/\/www.europesays.com\/pt\/wp-json\/wp\/v2\/posts\/127806","targetHints":{"allow":["GET"]}}],"collection":[{"href":"https:\/\/www.europesays.com\/pt\/wp-json\/wp\/v2\/posts"}],"about":[{"href":"https:\/\/www.europesays.com\/pt\/wp-json\/wp\/v2\/types\/post"}],"author":[{"embeddable":true,"href":"https:\/\/www.europesays.com\/pt\/wp-json\/wp\/v2\/users\/2"}],"replies":[{"embeddable":true,"href":"https:\/\/www.europesays.com\/pt\/wp-json\/wp\/v2\/comments?post=127806"}],"version-history":[{"count":0,"href":"https:\/\/www.europesays.com\/pt\/wp-json\/wp\/v2\/posts\/127806\/revisions"}],"wp:featuredmedia":[{"embeddable":true,"href":"https:\/\/www.europesays.com\/pt\/wp-json\/wp\/v2\/media\/127807"}],"wp:attachment":[{"href":"https:\/\/www.europesays.com\/pt\/wp-json\/wp\/v2\/media?parent=127806"}],"wp:term":[{"taxonomy":"category","embeddable":true,"href":"https:\/\/www.europesays.com\/pt\/wp-json\/wp\/v2\/categories?post=127806"},{"taxonomy":"post_tag","embeddable":true,"href":"https:\/\/www.europesays.com\/pt\/wp-json\/wp\/v2\/tags?post=127806"}],"curies":[{"name":"wp","href":"https:\/\/api.w.org\/{rel}","templated":true}]}}