{"id":127818,"date":"2025-10-27T01:34:16","date_gmt":"2025-10-27T01:34:16","guid":{"rendered":"https:\/\/www.europesays.com\/pt\/127818\/"},"modified":"2025-10-27T01:34:16","modified_gmt":"2025-10-27T01:34:16","slug":"filha-de-ana-rocha-de-sousa-comove-tudo-e-todos-lagrimas-sentidas-e-dolorosas","status":"publish","type":"post","link":"https:\/\/www.europesays.com\/pt\/127818\/","title":{"rendered":"Filha de Ana Rocha de Sousa comove tudo e todos: &#8220;L\u00e1grimas sentidas e dolorosas&#8221;"},"content":{"rendered":"<p>Discreta em rela\u00e7\u00e3o \u00e0 vida pessoal, <a href=\"https:\/\/selfie.iol.pt\/ana-rocha-de-sousa\/goucha\/ana-rocha-de-sousa-fala-sobre-denuncia-nao-tenho-a-intencao-de-destruir-uma-carreira\/20220710\/62ca181f0cf2ea4f0a534ba8\" target=\"_blank\" rel=\"nofollow noopener\">Ana Rocha de Sousa<\/a> abriu uma exce\u00e7\u00e3o, no Instagram, para falar sobre a filha, Am\u00e1lia, que se tem dedicado arduamente \u00e0 patinagem art\u00edstica.<\/p>\n<p>&#8220;Dia de Exame. A patinagem art\u00edstica \u00e9 um desporto duro e exigente. Os exames s\u00e3o rigorosos como no ballet. Elas muito pequenitas, t\u00e3o fr\u00e1geis quanto gigantes. Os pais sofrem nas bancadas como em poucos outros desportos, porque nem se trata apenas de ganhar ou perder a grande maioria das vezes. Ir a exame \u00e9 entrar num n\u00edvel de exig\u00eancia de perfei\u00e7\u00e3o, ou pelo menos, na aus\u00eancia do erro. Quando falham um, e apenas um elemento, podem repetir apenas e apenas esse elemento e n\u00e3o falhar mais nenhuma vez nem esse, nem outro. Tudo em quase tr\u00eas minutos sobre rodas num n\u00edvel de rigor e complexidade de saltos e pe\u00f5es que \u00e9 s\u00f3 para &#8216;crescidos'&#8221;, come\u00e7ou por referir Ana Rocha de Sousa na legenda de uma s\u00e9rie de imagens desse &#8220;dia de exame&#8221; da filha.<\/p>\n<p>De seguida, a realizadora sublinhou: &#8220;Vale o amor entre as mi\u00fadas. As alegrias quando passam, as l\u00e1grimas abra\u00e7adas quando chumbam. Bonito mesmo bonito \u00e9 esse amor, essa amizade e empatia transparente entre amigas. Umas celebram. Outras, \u00f3timas patinadoras de excel\u00eancia, que, quando falham e chumbam, sim entristecem, mas encontram amor no abra\u00e7o e conforto de ombros pr\u00f3ximos.&#8221;<\/p>\n<p>&#8220;A Am\u00e1lia passou. Foi e \u00e9 bonito ver esta mi\u00fada transformar-se quando entra. Que vai a um lugar de foco e resist\u00eancia e controlo a gerir nervos e ansiedades de forma assertiva. Ningu\u00e9m sabe ou pode prever se ser\u00e1 sempre assim. Mas vai sendo. E, por\u00e9m, o ainda maior orgulho e valor s\u00e3o mesmo, a meu ver, as l\u00e1grimas sentidas e dolorosas ao ver uma amiga chumbar. Porque hoje o que o mundo verdadeiramente precisa em todos os cantos e em todas as ruas e em todos os lugares \u00e9 acima de tudo de empatia&#8221;, acrescentou, antes de sublinhar: &#8220;A maior e mais profunda qualidade, val\u00eancia e valor de algu\u00e9m em 2025 \u00e9 sem sombra de d\u00favidas a capacidade de sentir o lugar do outro. E por isso, mais ainda, parab\u00e9ns \u00e0 mi\u00fada, porque com a tenra idade, era mais do que natural que o que quisesse fazer era focar-se a celebrar a vit\u00f3ria. Mas nem isso chegou a fazer. Oxal\u00e1 este mundo estivesse repleto de Am\u00e1lias. O mundo seria mesmo um lugar mais belo. Belo como ela. E n\u00e3o, n\u00e3o sou apenas eu &#8211; sua m\u00e3e- que vejo e digo.&#8221;<\/p>\n<p>&#8220;Mi\u00fada incr\u00edvel no que toca ao cora\u00e7\u00e3o. A patinar, tamb\u00e9m n\u00e3o lhe tem corrido mal&#8221;, concluiu.<\/p>\n<p>Veja, agora, as imagens partilhadas por Ana Rocha de Sousa na galeria de fotografias que prepar\u00e1mos para si.<\/p>\n","protected":false},"excerpt":{"rendered":"Discreta em rela\u00e7\u00e3o \u00e0 vida pessoal, Ana Rocha de Sousa abriu uma exce\u00e7\u00e3o, no Instagram, para falar sobre&hellip;\n","protected":false},"author":2,"featured_media":127819,"comment_status":"","ping_status":"","sticky":false,"template":"","format":"standard","meta":{"footnotes":""},"categories":[145],"tags":[29203,211,210,114,115,981,980,1870,1015,619,32,33,1012],"class_list":{"0":"post-127818","1":"post","2":"type-post","3":"status-publish","4":"format-standard","5":"has-post-thumbnail","7":"category-celebridades","8":"tag-ana-rocha-de-sousa","9":"tag-celebridades","10":"tag-celebrities","11":"tag-entertainment","12":"tag-entretenimento","13":"tag-familia","14":"tag-famosos","15":"tag-filhos","16":"tag-instagram","17":"tag-nacional","18":"tag-portugal","19":"tag-pt","20":"tag-selfie"},"share_on_mastodon":{"url":"https:\/\/pubeurope.com\/@pt\/115443562204186556","error":""},"_links":{"self":[{"href":"https:\/\/www.europesays.com\/pt\/wp-json\/wp\/v2\/posts\/127818","targetHints":{"allow":["GET"]}}],"collection":[{"href":"https:\/\/www.europesays.com\/pt\/wp-json\/wp\/v2\/posts"}],"about":[{"href":"https:\/\/www.europesays.com\/pt\/wp-json\/wp\/v2\/types\/post"}],"author":[{"embeddable":true,"href":"https:\/\/www.europesays.com\/pt\/wp-json\/wp\/v2\/users\/2"}],"replies":[{"embeddable":true,"href":"https:\/\/www.europesays.com\/pt\/wp-json\/wp\/v2\/comments?post=127818"}],"version-history":[{"count":0,"href":"https:\/\/www.europesays.com\/pt\/wp-json\/wp\/v2\/posts\/127818\/revisions"}],"wp:featuredmedia":[{"embeddable":true,"href":"https:\/\/www.europesays.com\/pt\/wp-json\/wp\/v2\/media\/127819"}],"wp:attachment":[{"href":"https:\/\/www.europesays.com\/pt\/wp-json\/wp\/v2\/media?parent=127818"}],"wp:term":[{"taxonomy":"category","embeddable":true,"href":"https:\/\/www.europesays.com\/pt\/wp-json\/wp\/v2\/categories?post=127818"},{"taxonomy":"post_tag","embeddable":true,"href":"https:\/\/www.europesays.com\/pt\/wp-json\/wp\/v2\/tags?post=127818"}],"curies":[{"name":"wp","href":"https:\/\/api.w.org\/{rel}","templated":true}]}}