{"id":127820,"date":"2025-10-27T01:35:08","date_gmt":"2025-10-27T01:35:08","guid":{"rendered":"https:\/\/www.europesays.com\/pt\/127820\/"},"modified":"2025-10-27T01:35:08","modified_gmt":"2025-10-27T01:35:08","slug":"herdeiros-de-tarsila-do-amaral-questionam-autentificacao-das-obras-da-artista","status":"publish","type":"post","link":"https:\/\/www.europesays.com\/pt\/127820\/","title":{"rendered":"Herdeiros de Tarsila do Amaral questionam autentifica\u00e7\u00e3o das obras da artista"},"content":{"rendered":"<p>A disputa pelo controle do legado de Tarsila do Amaral, um dos nomes mais importantes do modernismo brasileiro, ganhou um novo cap\u00edtulo. Um grupo de herdeiros da artista prepara a divulga\u00e7\u00e3o de uma carta p\u00fablica que exp\u00f5e diverg\u00eancias internas sobre a gest\u00e3o dos direitos autorais e o comando da marca que representa a pintora. As informa\u00e7\u00f5es foram divulgadas pelo jornal Folha de S. Paulo.<\/p>\n<p>O documento, assinado por um conjunto relevante entre os 56 herdeiros da artista, manifesta \u201cpreocupa\u00e7\u00e3o extrema\u201d com os rumos da administra\u00e7\u00e3o dos direitos de imagem e das autentica\u00e7\u00f5es de suas obras. <\/p>\n<p>O texto marca uma ruptura aberta entre descendentes que disputam quem deve controlar o patrim\u00f4nio simb\u00f3lico e financeiro de Tarsila, e, sobretudo, quem se beneficia das opera\u00e7\u00f5es comerciais ligadas ao seu nome.<\/p>\n<p>\t\t\t\t\t\t<img decoding=\"async\" class=\"w-full h-full object-cover\" src=\"https:\/\/www.europesays.com\/pt\/wp-content\/uploads\/2025\/10\/1761528908_866_900-x-300-com-texto-na-imagem-19.png\" alt=\"\"\/><\/p>\n<p class=\"font-normal text-base text-wl-neutral-600 max-w-md mx-auto\">\n\t\t\t\t\t\t\tLeve seu neg\u00f3cio para o pr\u00f3ximo n\u00edvel com os principais empreendedores do pa\u00eds!\t\t\t\t\t\t<\/p>\n<p>Pol\u00eamica sobre tela milion\u00e1ria<\/p>\n<p>A nova tens\u00e3o surgiu ap\u00f3s uma confer\u00eancia na Casa das Rosas, em S\u00e3o Paulo, onde representantes da atual empresa que administra a marca Tarsila do Amaral apresentaram o novo processo de autentica\u00e7\u00e3o de obras. <\/p>\n<p>O procedimento agora passa pelas m\u00e3os do perito Douglas Quintale, contratado por um grupo de herdeiros que rompeu com a antiga gest\u00e3o.<\/p>\n<p>Quintale \u00e9 o mesmo especialista que atestou como aut\u00eantica uma pintura pol\u00eamica atribu\u00edda a Tarsila, exibida na feira SP-Arte de 2023. <\/p>\n<p class=\"py-2\">Continua depois da publicidade<\/p>\n<p>A obra, inicialmente ofertada por R$ 16 milh\u00f5es, hoje \u00e9 negociada por cerca de R$ 60 milh\u00f5es, mas sua autenticidade foi contestada por boa parte do meio art\u00edstico brasileiro, que considera o quadro incompat\u00edvel com o tra\u00e7o e o hist\u00f3rico da artista.<\/p>\n<p>Segundo cr\u00edticos, o fato de a obra ter supostamente permanecido \u201cdesaparecida\u201d por d\u00e9cadas no L\u00edbano e reaparecido subitamente no mercado de arte levantou desconfian\u00e7as sobre sua origem. <\/p>\n<p>Para os herdeiros favor\u00e1veis \u00e0 autentica\u00e7\u00e3o, no entanto, o reconhecimento da pintura pode render valores expressivos via direito de sequ\u00eancia, percentual de revenda a que o artista, ou seus sucessores, t\u00eam direito.<\/p>\n<p>        Controle do esp\u00f3lio<\/p>\n<p>O embate gira em torno da Tarsila do Amaral Empreendimentos e Licenciamentos (Tale), empresa familiar respons\u00e1vel pela gest\u00e3o da imagem e dos direitos autorais da pintora.<\/p>\n<p>Um grupo de descendentes, liderado por Tarsilinha do Amaral, sobrinha-neta da artista e antiga respons\u00e1vel pela administra\u00e7\u00e3o do esp\u00f3lio, tenta retomar o controle das decis\u00f5es e afastar a atual diretoria da Tale.<\/p>\n<p>Na carta, os herdeiros afirmam n\u00e3o reconhecer a empresa como leg\u00edtima controladora dos direitos da modernista. O grupo critica ainda a substitui\u00e7\u00e3o de pesquisadores que trabalhavam na elabora\u00e7\u00e3o do cat\u00e1logo raisonn\u00e9 de Tarsila \u2014 o registro oficial e definitivo de todas as suas obras conhecidas \u2014, entre eles a historiadora Aracy Amaral, considerada a maior especialista na obra da artista.<\/p>\n<p class=\"py-2\">Continua depois da publicidade<\/p>\n<p>Os signat\u00e1rios acusam a atual dire\u00e7\u00e3o da Tale de ter silenciado vozes cr\u00edticas e promovido uma guinada na pol\u00edtica de autentica\u00e7\u00e3o das obras, com impacto direto no mercado de arte e no valor das pe\u00e7as associadas a Tarsila.<\/p>\n<p>Atual gest\u00e3o<\/p>\n<p>Procurada pela Folha, Paola Montenegro, sobrinha-bisneta da artista e atual diretora da Tale, afirmou que a empresa n\u00e3o comentar\u00e1 opini\u00f5es individuais. \u201cO trabalho que foi realizado envolve compet\u00eancias t\u00e9cnicas de especialistas e peritos\u201d, disse, em nota.<\/p>\n<p>A Tale tem sido respons\u00e1vel, nos \u00faltimos anos, por licenciamentos comerciais, exposi\u00e7\u00f5es e parcerias institucionais com museus e marcas. A empresa tamb\u00e9m vem conduzindo a revis\u00e3o dos crit\u00e9rios de autentica\u00e7\u00e3o das obras, um processo que agora se tornou o centro da disputa familiar.<\/p>\n<p class=\"py-2\">Continua depois da publicidade<\/p>\n","protected":false},"excerpt":{"rendered":"A disputa pelo controle do legado de Tarsila do Amaral, um dos nomes mais importantes do modernismo brasileiro,&hellip;\n","protected":false},"author":2,"featured_media":127821,"comment_status":"","ping_status":"","sticky":false,"template":"","format":"standard","meta":{"footnotes":""},"categories":[144],"tags":[207,205,206,203,201,202,726,204,29204,114,115,319,12575,32,33,15722],"class_list":{"0":"post-127820","1":"post","2":"type-post","3":"status-publish","4":"format-standard","5":"has-post-thumbnail","7":"category-arte-e-design","8":"tag-arte","9":"tag-arte-e-design","10":"tag-artedesign","11":"tag-arts","12":"tag-arts-and-design","13":"tag-artsanddesign","14":"tag-brasil","15":"tag-design","16":"tag-disputa-judicial","17":"tag-entertainment","18":"tag-entretenimento","19":"tag-hard-news","20":"tag-heranca","21":"tag-portugal","22":"tag-pt","23":"tag-tarsila-do-amaral"},"share_on_mastodon":{"url":"https:\/\/pubeurope.com\/@pt\/115443566216750459","error":""},"_links":{"self":[{"href":"https:\/\/www.europesays.com\/pt\/wp-json\/wp\/v2\/posts\/127820","targetHints":{"allow":["GET"]}}],"collection":[{"href":"https:\/\/www.europesays.com\/pt\/wp-json\/wp\/v2\/posts"}],"about":[{"href":"https:\/\/www.europesays.com\/pt\/wp-json\/wp\/v2\/types\/post"}],"author":[{"embeddable":true,"href":"https:\/\/www.europesays.com\/pt\/wp-json\/wp\/v2\/users\/2"}],"replies":[{"embeddable":true,"href":"https:\/\/www.europesays.com\/pt\/wp-json\/wp\/v2\/comments?post=127820"}],"version-history":[{"count":0,"href":"https:\/\/www.europesays.com\/pt\/wp-json\/wp\/v2\/posts\/127820\/revisions"}],"wp:featuredmedia":[{"embeddable":true,"href":"https:\/\/www.europesays.com\/pt\/wp-json\/wp\/v2\/media\/127821"}],"wp:attachment":[{"href":"https:\/\/www.europesays.com\/pt\/wp-json\/wp\/v2\/media?parent=127820"}],"wp:term":[{"taxonomy":"category","embeddable":true,"href":"https:\/\/www.europesays.com\/pt\/wp-json\/wp\/v2\/categories?post=127820"},{"taxonomy":"post_tag","embeddable":true,"href":"https:\/\/www.europesays.com\/pt\/wp-json\/wp\/v2\/tags?post=127820"}],"curies":[{"name":"wp","href":"https:\/\/api.w.org\/{rel}","templated":true}]}}