{"id":127832,"date":"2025-10-27T01:49:12","date_gmt":"2025-10-27T01:49:12","guid":{"rendered":"https:\/\/www.europesays.com\/pt\/127832\/"},"modified":"2025-10-27T01:49:12","modified_gmt":"2025-10-27T01:49:12","slug":"casa-ah-bittar-arquitetura","status":"publish","type":"post","link":"https:\/\/www.europesays.com\/pt\/127832\/","title":{"rendered":"Casa AH! \/ Bittar Arquitetura"},"content":{"rendered":"<p><a class=\"js-image-size__link \" href=\"https:\/\/www.archdaily.com.br\/br\/1035397\/casa-ah-bittar-arquitetura\/68fce5d58950340001678379-casa-ah-bittar-arquitetura-foto\" rel=\"attachment nofollow noopener\" style=\"width: 100%; height: 100%;\" target=\"_blank\"><img decoding=\"async\" alt=\"Casa AH! \/ Bittar Arquitetura - Fotografia de Exterior\" data-nr-picture-id=\"68fce5d58950340001678379\" fetchpriority=\"high\" height=\"426\" itemprop=\"image\" loading=\"eager\" longdesc=\"https:\/\/www.archdaily.com.br\/br\/1035397\/casa-ah-bittar-arquitetura\/68fce5d58950340001678379-casa-ah-bittar-arquitetura-foto\" src=\"https:\/\/www.europesays.com\/pt\/wp-content\/uploads\/2025\/10\/250807_Casa_Jardins_Ita_lia_0005.jpg\" style=\"min-height: var(--featured-height, auto); aspect-ratio: auto 640 \/ 426\" width=\"640\"\/><\/a>\u00a9 Joana Fran\u00e7a<\/p>\n<p class=\"thumbs afd-desktop-e clearfix\"><a class=\"thumbs__link\" data-nr-picture-id=\"68fce5d5895034000167837b\" href=\"https:\/\/www.archdaily.com.br\/br\/1035397\/casa-ah-bittar-arquitetura\/68fce5d5895034000167837b-casa-ah-bittar-arquitetura-foto\" rel=\"attachment nofollow noopener\" target=\"_blank\"><img loading=\"lazy\" decoding=\"async\" alt=\"Casa AH! \/ Bittar Arquitetura - Imagem 2 de 30\" class=\"thumbs__img b-lazy\" data-nr-picture-id=\"68fce5d5895034000167837b\" data-pin-nopin=\"true\" src=\"https:\/\/www.europesays.com\/pt\/wp-content\/uploads\/2025\/10\/250807_Casa_Jardins_Ita_lia_0014.jpg\" height=\"125\" longdesc=\"https:\/\/www.archdaily.com.br\/br\/1035397\/casa-ah-bittar-arquitetura\/68fce5d5895034000167837b-casa-ah-bittar-arquitetura-foto\" title=\"\u00a9 Joana Fran\u00e7a\" width=\"125\"\/><\/a><a class=\"thumbs__link\" data-nr-picture-id=\"68fce5d6895034000167837e\" href=\"https:\/\/www.archdaily.com.br\/br\/1035397\/casa-ah-bittar-arquitetura\/68fce5d6895034000167837e-casa-ah-bittar-arquitetura-foto\" rel=\"attachment nofollow noopener\" target=\"_blank\"><img loading=\"lazy\" decoding=\"async\" alt=\"Casa AH! \/ Bittar Arquitetura - Imagem 3 de 30\" class=\"thumbs__img b-lazy\" data-nr-picture-id=\"68fce5d6895034000167837e\" data-pin-nopin=\"true\" src=\"https:\/\/www.europesays.com\/pt\/wp-content\/uploads\/2025\/10\/250807_Casa_Jardins_Ita_lia_0368.jpg\" height=\"125\" longdesc=\"https:\/\/www.archdaily.com.br\/br\/1035397\/casa-ah-bittar-arquitetura\/68fce5d6895034000167837e-casa-ah-bittar-arquitetura-foto\" title=\"\u00a9 Joana Fran\u00e7a\" width=\"125\"\/><\/a><a class=\"thumbs__link\" data-nr-picture-id=\"68fce5d78950340001678381\" href=\"https:\/\/www.archdaily.com.br\/br\/1035397\/casa-ah-bittar-arquitetura\/68fce5d78950340001678381-casa-ah-bittar-arquitetura-foto\" rel=\"attachment nofollow noopener\" target=\"_blank\"><img loading=\"lazy\" decoding=\"async\" alt=\"Casa AH! \/ Bittar Arquitetura - Fotografia de Interiores, Sala de Estar, Sof\u00e1, Cadeira\" class=\"thumbs__img b-lazy\" data-nr-picture-id=\"68fce5d78950340001678381\" data-pin-nopin=\"true\" src=\"https:\/\/www.europesays.com\/pt\/wp-content\/uploads\/2025\/10\/250807_Casa_Jardins_Ita_lia_0515.jpg\" height=\"125\" longdesc=\"https:\/\/www.archdaily.com.br\/br\/1035397\/casa-ah-bittar-arquitetura\/68fce5d78950340001678381-casa-ah-bittar-arquitetura-foto\" title=\"\u00a9 Joana Fran\u00e7a\" width=\"125\"\/><\/a><a class=\"thumbs__link\" data-nr-picture-id=\"68fce5d7895034000167837f\" href=\"https:\/\/www.archdaily.com.br\/br\/1035397\/casa-ah-bittar-arquitetura\/68fce5d7895034000167837f-casa-ah-bittar-arquitetura-foto\" rel=\"attachment nofollow noopener\" target=\"_blank\"><img loading=\"lazy\" decoding=\"async\" alt=\"Casa AH! \/ Bittar Arquitetura - Fotografia de Exterior\" class=\"thumbs__img b-lazy\" data-nr-picture-id=\"68fce5d7895034000167837f\" data-pin-nopin=\"true\" src=\"https:\/\/www.europesays.com\/pt\/wp-content\/uploads\/2025\/10\/250807_Casa_Jardins_Ita_lia_0405.jpg\" height=\"125\" longdesc=\"https:\/\/www.archdaily.com.br\/br\/1035397\/casa-ah-bittar-arquitetura\/68fce5d7895034000167837f-casa-ah-bittar-arquitetura-foto\" title=\"\u00a9 Joana Fran\u00e7a\" width=\"125\"\/><\/a><a class=\"gallery-link afd-desktop-e\" href=\"https:\/\/www.archdaily.com.br\/br\/1035397\/casa-ah-bittar-arquitetura\/68fce5d58950340001678379-casa-ah-bittar-arquitetura-foto\" rel=\"nofollow noopener\" target=\"_blank\"><img decoding=\"async\" alt=\"Casa AH! \/ Bittar Arquitetura - Mais Imagens\" class=\"thumbs__img b-lazy\" src=\"https:\/\/www.europesays.com\/pt\/wp-content\/uploads\/2025\/10\/250807_Casa_Jardins_Ita_lia_0005.jpg\" itemprop=\"image\" bad-src=\"data:image\/gif;base64,R0lGODlhAQABAIAAAAUEBAAAACwAAAAAAQABAAACAkQBADs=\"\/>+ 25<\/a><\/p>\n<p>    Compartilhar<\/p>\n<p>Compartilhar<\/p>\n<ul class=\"afd-share__networks clearfix\">\n<li class=\"afd-share__social\"><a aria-label=\"Facebook\" class=\"afd-share__button\" data-insights-category=\"share\" data-insights-label=\"facebook_sharing_options\" data-insights-value=\"1035397\" data-social=\"facebook\" href=\"https:\/\/www.facebook.com\/sharer\/sharer.php?u=https:\/\/www.archdaily.com.br\/br\/1035397\/casa-ah-bittar-arquitetura\" rel=\"nofollow noopener\" target=\"_blank\"><\/a>\n<p>Facebook<\/p>\n<\/li>\n<li class=\"afd-share__social\"><a aria-label=\"Twitter\" class=\"afd-share__button\" data-insights-category=\"share\" data-insights-label=\"twitter_sharing_options\" data-insights-value=\"1035397\" data-social=\"twitter\" href=\"https:\/\/twitter.com\/intent\/tweet?text=Casa%20AH%21%20%2F%20Bittar%20Arquitetura&amp;url=https:\/\/www.archdaily.com.br\/br\/1035397\/casa-ah-bittar-arquitetura&amp;via=archdailybr\" rel=\"nofollow noopener\" target=\"_blank\"><\/a>\n<p>Twitter<\/p>\n<\/li>\n<li class=\"afd-share__social\"><a class=\"afd-share__button\" data-insights-category=\"share\" data-insights-label=\"email_sharing_options\" data-insights-value=\"1035397\" data-social=\"email\" href=\"mailto:?subject=Casa AH! \/ Bittar Arquitetura&amp;body=https:\/\/www.archdaily.com.br\/br\/1035397\/casa-ah-bittar-arquitetura\"><\/a>\n<p>Mail<\/p>\n<\/li>\n<li class=\"afd-share__social\"><a aria-label=\"Pinterest\" class=\"afd-share__button\" data-insights-category=\"share\" data-insights-label=\"pinterest_sharing_options\" data-insights-value=\"1035397\" data-social=\"pinterest\" href=\"https:\/\/pinterest.com\/pin\/create\/button\/?url=https%3A%2F%2Fwww.archdaily.com.br%2Fbr%2F1035397%2Fcasa-ah-bittar-arquitetura&amp;media=https%3A%2F%2Fimages.adsttc.com%2Fmedia%2Fimages%2F68fc%2Fe5d5%2F8950%2F3400%2F0167%2F8379%2Flarge_jpg%2F250807_Casa_Jardins_Ita_lia_0005.jpg%3F1761404391&amp;description=Casa%20AH%21%20%2F%20Bittar%20Arquitetura\" rel=\"nofollow noopener\" target=\"_blank\"><\/a>\n<p>Pinterest<\/p>\n<\/li>\n<li class=\"afd-share__social\"><a aria-label=\"Whatsapp\" class=\"afd-share__button\" data-action=\"share\/whatsapp\/share\" data-insights-category=\"share\" data-insights-label=\"whatsapp_sharing_options\" data-insights-value=\"1035397\" data-social=\"whatsapp\" href=\"whatsapp:\/\/send?text=Casa+AH%21+%2F+Bittar+Arquitetura+%7C+https%3A%2F%2Fwww.archdaily.com.br%2Fbr%2F1035397%2Fcasa-ah-bittar-arquitetura%3Futm_source%3DWhatsapp%26utm_medium%3DIM%26utm_campaign%3Dshare-button\" rel=\"nofollow\"><\/a>\n<p>Whatsapp<\/p>\n<\/li>\n<\/ul>\n<p>Ou<\/p>\n<p>https:\/\/www.archdaily.com.br\/br\/1035397\/casa-ah-bittar-arquitetura<\/p>\n<ul class=\"afd-char-list afd-specs__item-container js-char-list\" wp_automatic_readability=\"0\">\n<li class=\"afd-specs__item\">\n<\/li>\n<li class=\"afd-specs__item\">\n  \u00c1rea<br \/>\n  \u00c1rea deste projeto de arquitetura<\/p>\n<p>\u00c1rea:\u00a0<br \/>\n        <a href=\"https:\/\/www.archdaily.com.br\/search\/br\/projects\/min_area\/425\/max_area\/638?ad_name=project-specs&amp;ad_medium=single\" rel=\"nofollow noopener\" target=\"_blank\">532<\/a> m\u00b2<\/li>\n<li class=\"afd-specs__item\">\n<p>  Ano<br \/>\n  Ano de conclus\u00e3o deste projeto de arquitetura<\/p>\n<p>            Ano:\u00a0<\/p>\n<p>                    <a href=\"https:\/\/www.archdaily.com.br\/search\/br\/projects\/year\/2024?ad_name=project-specs&amp;ad_medium=single\" rel=\"nofollow noopener\" target=\"_blank\"><br \/>\n          2024<br \/>\n        <\/a><\/p>\n<\/li>\n<li class=\"afd-specs__item\">\n<p>  Fot\u00f3grafo<\/p>\n<\/li>\n<li class=\"afd-specs__item\" wp_automatic_readability=\"3\">\n<p>  Fabricantes<br \/>\n  Marcas com produtos usados neste projeto de arquitetura<\/p>\n<p>Fabricantes: \u00a0Artefacto, CRJ Esquadrias, Finart, Gruta Marmores, kitchens<\/p>\n<\/li>\n<\/ul>\n<p><a class=\"js-image-size__link lazy-anchor\" href=\"https:\/\/www.archdaily.com.br\/br\/1035397\/casa-ah-bittar-arquitetura\/68fce5d5895034000167837b-casa-ah-bittar-arquitetura-foto\" rel=\"nofollow noopener\" target=\"_blank\"><img decoding=\"async\" alt=\"Casa AH! \/ Bittar Arquitetura - Imagem 2 de 30\" data-nr-picture-id=\"68fce5d5895034000167837b\" height=\"427\" itemprop=\"image\" loading=\"lazy\" longdesc=\"https:\/\/www.archdaily.com.br\/br\/1035397\/casa-ah-bittar-arquitetura\/68fce5d5895034000167837b-casa-ah-bittar-arquitetura-foto\" src=\"https:\/\/www.europesays.com\/pt\/wp-content\/uploads\/2025\/10\/1761529750_239_250807_Casa_Jardins_Ita_lia_0014.jpg\" width=\"640\"\/>\u00a9 Joana Fran\u00e7a<\/a><\/p>\n<p>Descri\u00e7\u00e3o enviada pela equipe de projeto. Como um volume que parece desprender-se do solo, a Casa Ah! se revela como um gesto arquitet\u00f4nico que dialoga com o declive acentuado do terreno em <a href=\"https:\/\/www.archdaily.com.br\/br\/tag\/goiania\" rel=\"nofollow noopener\" target=\"_blank\">Goi\u00e2nia<\/a>, Goi\u00e1s. Trata-se de um projeto residencial concebido para atender \u00e0s necessidades de um casal, cujas rotinas inspiraram a organiza\u00e7\u00e3o dos espa\u00e7os.<\/p>\n<p><a class=\"js-image-size__link lazy-anchor\" href=\"https:\/\/www.archdaily.com.br\/br\/1035397\/casa-ah-bittar-arquitetura\/68fce5d6895034000167837c-casa-ah-bittar-arquitetura-foto\" rel=\"nofollow noopener\" target=\"_blank\"><img decoding=\"async\" alt=\"Casa AH! \/ Bittar Arquitetura - Fotografia de Exterior, Concreto\" data-nr-picture-id=\"68fce5d6895034000167837c\" height=\"427\" itemprop=\"image\" loading=\"lazy\" longdesc=\"https:\/\/www.archdaily.com.br\/br\/1035397\/casa-ah-bittar-arquitetura\/68fce5d6895034000167837c-casa-ah-bittar-arquitetura-foto\" src=\"https:\/\/www.europesays.com\/pt\/wp-content\/uploads\/2025\/10\/250807_Casa_Jardins_Ita_lia_0138.jpg\" width=\"640\"\/>\u00a9 Joana Fran\u00e7a<\/a><\/p>\n<p>A setoriza\u00e7\u00e3o foi definida a partir do cotidiano dos moradores. As \u00e1reas sociais como a cozinha, o living e o lazer, integram-se em um espa\u00e7o cont\u00ednuo que se desdobra entre o interior e o exterior, promovendo encontros e fluidez. No mesmo n\u00edvel, est\u00e1 a su\u00edte master, garantindo conforto e praticidade aos propriet\u00e1rios.<\/p>\n<p><a class=\"js-image-size__link lazy-anchor\" href=\"https:\/\/www.archdaily.com.br\/br\/1035397\/casa-ah-bittar-arquitetura\/68fce5d6895034000167837e-casa-ah-bittar-arquitetura-foto\" rel=\"nofollow noopener\" target=\"_blank\"><img decoding=\"async\" alt=\"Casa AH! \/ Bittar Arquitetura - Imagem 3 de 30\" data-nr-picture-id=\"68fce5d6895034000167837e\" height=\"427\" itemprop=\"image\" loading=\"lazy\" longdesc=\"https:\/\/www.archdaily.com.br\/br\/1035397\/casa-ah-bittar-arquitetura\/68fce5d6895034000167837e-casa-ah-bittar-arquitetura-foto\" src=\"https:\/\/www.europesays.com\/pt\/wp-content\/uploads\/2025\/10\/1761529751_177_250807_Casa_Jardins_Ita_lia_0368.jpg\" width=\"640\"\/>\u00a9 Joana Fran\u00e7a<\/a><\/p>\n<p>No cora\u00e7\u00e3o da resid\u00eancia, um \u00e1trio marca a transi\u00e7\u00e3o entre a intimidade da su\u00edte e a vitalidade da \u00e1rea social. <strong>Al\u00e9m disso, ele atua como eixo vital: conecta visual e fisicamente os ambientes, ao mesmo tempo em que aproxima a arquitetura da natureza. E<\/strong>ssa presen\u00e7a do natural se expande pelo paisagismo exuberante e pela piscina em raia, que, al\u00e9m de espelho d&#8217;\u00e1gua contemplativo, atua como estrat\u00e9gia clim\u00e1tica, suavizando o tempo e a atmosfera do lugar.<\/p>\n<p><a class=\"js-image-size__link lazy-anchor\" href=\"https:\/\/www.archdaily.com.br\/br\/1035397\/casa-ah-bittar-arquitetura\/68fce5da8950340001678393-casa-ah-bittar-arquitetura-planta-pavimento-terreo\" rel=\"nofollow noopener\" target=\"_blank\"><img decoding=\"async\" alt=\"Casa AH! \/ Bittar Arquitetura - Imagem 25 de 30\" data-nr-picture-id=\"68fce5da8950340001678393\" height=\"427\" itemprop=\"image\" loading=\"lazy\" longdesc=\"https:\/\/www.archdaily.com.br\/br\/1035397\/casa-ah-bittar-arquitetura\/68fce5da8950340001678393-casa-ah-bittar-arquitetura-planta-pavimento-terreo\" src=\"https:\/\/www.europesays.com\/pt\/wp-content\/uploads\/2025\/10\/926_T_RREO_1_100.jpg\" width=\"640\"\/>Planta &#8211; Pavimento t\u00e9rreo<\/a><\/p>\n<p>A volumetria, marcada por linhas puras e propor\u00e7\u00f5es equilibradas, encontra na luz um recurso pl\u00e1stico. <strong>O jogo entre cheios e vazios, sombras projetadas e superf\u00edcies banhadas pelo sol, transforma o espa\u00e7o em um cen\u00e1rio po\u00e9tico, onde a passagem do tempo se inscreve silenciosamente na arquitetura.<\/strong><\/p>\n<p><a class=\"js-image-size__link lazy-anchor\" href=\"https:\/\/www.archdaily.com.br\/br\/1035397\/casa-ah-bittar-arquitetura\/68fce5d98950340001678386-casa-ah-bittar-arquitetura-foto\" rel=\"nofollow noopener\" target=\"_blank\"><img decoding=\"async\" alt=\"Casa AH! \/ Bittar Arquitetura - Imagem 13 de 30\" data-nr-picture-id=\"68fce5d98950340001678386\" height=\"427\" itemprop=\"image\" loading=\"lazy\" longdesc=\"https:\/\/www.archdaily.com.br\/br\/1035397\/casa-ah-bittar-arquitetura\/68fce5d98950340001678386-casa-ah-bittar-arquitetura-foto\" src=\"https:\/\/www.europesays.com\/pt\/wp-content\/uploads\/2025\/10\/250807_Casa_Jardins_Ita_lia_0669.jpg\" width=\"640\"\/>\u00a9 Joana Fran\u00e7a<\/a><\/p>\n<p>A composi\u00e7\u00e3o interior reflete a personalidade dos moradores. Uma curadoria cuidadosa reuniu pe\u00e7as \u00e9tnicas de cole\u00e7\u00e3o pessoal, mobili\u00e1rio assinado e obras de arte, compondo uma atmosfera singular que traduz identidade e mem\u00f3ria. Assim, cada ambiente carrega o DNA da Bittar Arquitetura, em um projeto que \u00e9, ao mesmo tempo, abrigo e express\u00e3o de vida.<\/p>\n<p><a class=\"js-image-size__link lazy-anchor\" href=\"https:\/\/www.archdaily.com.br\/br\/1035397\/casa-ah-bittar-arquitetura\/68fce5d7895034000167837f-casa-ah-bittar-arquitetura-foto\" rel=\"nofollow noopener\" target=\"_blank\"><img decoding=\"async\" alt=\"Casa AH! \/ Bittar Arquitetura - Fotografia de Exterior\" data-nr-picture-id=\"68fce5d7895034000167837f\" height=\"427\" itemprop=\"image\" loading=\"lazy\" longdesc=\"https:\/\/www.archdaily.com.br\/br\/1035397\/casa-ah-bittar-arquitetura\/68fce5d7895034000167837f-casa-ah-bittar-arquitetura-foto\" src=\"https:\/\/www.europesays.com\/pt\/wp-content\/uploads\/2025\/10\/1761529752_975_250807_Casa_Jardins_Ita_lia_0405.jpg\" width=\"640\"\/>\u00a9 Joana Fran\u00e7a<\/a><script async src=\"https:\/\/platform.twitter.com\/widgets.js\" charset=\"utf-8\"><\/script><\/p>\n","protected":false},"excerpt":{"rendered":"\u00a9 Joana Fran\u00e7a + 25 Compartilhar Compartilhar Facebook Twitter Mail Pinterest Whatsapp Ou https:\/\/www.archdaily.com.br\/br\/1035397\/casa-ah-bittar-arquitetura \u00c1rea \u00c1rea deste projeto&hellip;\n","protected":false},"author":2,"featured_media":127833,"comment_status":"","ping_status":"","sticky":false,"template":"","format":"standard","meta":{"footnotes":""},"categories":[144],"tags":[304,361,207,205,206,203,201,202,362,204,114,115,2554,32,33],"class_list":{"0":"post-127832","1":"post","2":"type-post","3":"status-publish","4":"format-standard","5":"has-post-thumbnail","7":"category-arte-e-design","8":"tag-arquitetura","9":"tag-arquitetura-residencial","10":"tag-arte","11":"tag-arte-e-design","12":"tag-artedesign","13":"tag-arts","14":"tag-arts-and-design","15":"tag-artsanddesign","16":"tag-casas","17":"tag-design","18":"tag-entertainment","19":"tag-entretenimento","20":"tag-goiania","21":"tag-portugal","22":"tag-pt"},"share_on_mastodon":{"url":"https:\/\/pubeurope.com\/@pt\/115443621512843042","error":""},"_links":{"self":[{"href":"https:\/\/www.europesays.com\/pt\/wp-json\/wp\/v2\/posts\/127832","targetHints":{"allow":["GET"]}}],"collection":[{"href":"https:\/\/www.europesays.com\/pt\/wp-json\/wp\/v2\/posts"}],"about":[{"href":"https:\/\/www.europesays.com\/pt\/wp-json\/wp\/v2\/types\/post"}],"author":[{"embeddable":true,"href":"https:\/\/www.europesays.com\/pt\/wp-json\/wp\/v2\/users\/2"}],"replies":[{"embeddable":true,"href":"https:\/\/www.europesays.com\/pt\/wp-json\/wp\/v2\/comments?post=127832"}],"version-history":[{"count":0,"href":"https:\/\/www.europesays.com\/pt\/wp-json\/wp\/v2\/posts\/127832\/revisions"}],"wp:featuredmedia":[{"embeddable":true,"href":"https:\/\/www.europesays.com\/pt\/wp-json\/wp\/v2\/media\/127833"}],"wp:attachment":[{"href":"https:\/\/www.europesays.com\/pt\/wp-json\/wp\/v2\/media?parent=127832"}],"wp:term":[{"taxonomy":"category","embeddable":true,"href":"https:\/\/www.europesays.com\/pt\/wp-json\/wp\/v2\/categories?post=127832"},{"taxonomy":"post_tag","embeddable":true,"href":"https:\/\/www.europesays.com\/pt\/wp-json\/wp\/v2\/tags?post=127832"}],"curies":[{"name":"wp","href":"https:\/\/api.w.org\/{rel}","templated":true}]}}