{"id":127847,"date":"2025-10-27T02:06:11","date_gmt":"2025-10-27T02:06:11","guid":{"rendered":"https:\/\/www.europesays.com\/pt\/127847\/"},"modified":"2025-10-27T02:06:11","modified_gmt":"2025-10-27T02:06:11","slug":"tragedia-na-br-282-um-obito-em-colisao-entre-carro-e-carreta-novafm103-com-br","status":"publish","type":"post","link":"https:\/\/www.europesays.com\/pt\/127847\/","title":{"rendered":"Trag\u00e9dia na BR-282: Um \u00f3bito em Colis\u00e3o entre Carro e Carreta &#8211; novafm103.com.br"},"content":{"rendered":"<ol>\n<li><a href=\"https:\/\/news.google.com\/rss\/articles\/CBMiVkFVX3lxTE9pVDcwbHRrT2FkQndsVVRlSUxwWnpZVVotSC1ubjRxajZaZ2x2VEVKeEdXcVdGX2c2Y1lFYXk5c0lESDlBSkJKY3IybUNwclpZUEkycTdR?oc=5\" target=\"_blank\" rel=\"nofollow noopener\">Trag\u00e9dia na BR-282: Um \u00f3bito em Colis\u00e3o entre Carro e Carreta<\/a>&nbsp;&nbsp;novafm103.com.br<\/li>\n<li><a href=\"https:\/\/news.google.com\/rss\/articles\/CBMiqwFBVV95cUxOY3Z2RGxrUUdLcF9MTmdOdWl5MXYzS1VuZkljTjZDZTJHSlRCTDdTQTh1d29URkY3b3RRWXpSNTU5UzFfb3JvbHFFU2JqQlB6MGJKZmRnd2tRRFRfMzB4ZHFlWGtiMzZ2Qk1pT2xTWWxlMGx4OElDNThybTJsa2hMY0N3VkRmeHZsS18tNW1MMEQ1akxGV3ZqSkhNSG5fcFd3NFd6XzNrUkh2NzQ?oc=5\" target=\"_blank\" rel=\"nofollow noopener\">FOTOS: Caminhonete vira \u2018sucata met\u00e1lica\u2019 em colis\u00e3o que matou homem na BR-282, em SC<\/a>&nbsp;&nbsp;ndmais.com.br<\/li>\n<li><a href=\"https:\/\/news.google.com\/rss\/articles\/CBMiowFBVV95cUxNR2c3dUJqazRWdVNYTllJY2pZSWF6N3RJTThubGp3LUZYQ1J1UWRXNVhNTzhhZE9TNnA0ZWFDbkpucDhONzdDcE5oeUQ1ZGtBVFFyRFhWYnNxSm1zQmFGMGN3YUdnRlNFNXJQa0dSVUJJZTFuV1R0T3Z6QjJYcTQxSUhhQl8xbEtFZTlaWmUwSHNiWk5hMHlScUtHSlBEWWZKUFZR?oc=5\" target=\"_blank\" rel=\"nofollow noopener\">Homem morre em colis\u00e3o frontal entre carro e carreta na BR-282<\/a>&nbsp;&nbsp;WH3<\/li>\n<li><a href=\"https:\/\/news.google.com\/rss\/articles\/CBMipAFBVV95cUxNdEw0QUtqQTkxZTZ5SHpOc2lDakpKMEhNNlJNaE5ZSDZTcWRxYWJraGJsYjRkWV9PZ1FYSmZSZXhfbXgxYnl1ZVJXbHl0cy1NUnRvSklOWW9kU0N6dXlQaHgzQV9DSlpkaDlaY1NPN0lTNHluckhuVmlvZU5jMHhjdmxQSDVBOVF1WVAzZ2tlUGkyZURiX2pWYTBKdzMydVA3VUJZMdIBqgFBVV95cUxOMmtZUEVwSzBLLUNYZ3VHQnhHSGVWVU91eXF4c3pXcl9IelFwV1BmR3VVcWNfb3JBMEwwVDNySzNMUVNwRl9wX0l1Y3FPRGFHbEtDOEFwNHp6RlJBMWVWX1l2X2dGVVJicnUwLUZHWGhUT242TXRoOER6Vk5zQlR6RVJxX3o3TWZVOE16eTVuSGcxMXJZbGJ6ckMzbGVRUkNVeUtZSFRVM0J1QQ?oc=5\" target=\"_blank\" rel=\"nofollow noopener\">Acidente bloqueia BR-282 em Cordilheira Alta (SC)<\/a>&nbsp;&nbsp;Portal iG<\/li>\n<li><a href=\"https:\/\/news.google.com\/rss\/articles\/CBMiswFBVV95cUxNVC1FMDBVLWg0Y192NGNFSDh4NUxVT0xhaDNVUGZhZk1TWTA4cGxFQWR5NzJ5YndEOUhNQktBVTNGU2FrNzE3TEQxMEVzS1dOVWxFMTg0RUtmSTYyZW9WWXo0NlpaZWlRWnozSHA4SkRnNXdkSk1HN1o4bURBLVN4S25sRWo5a0l3RmN4UzBROTJEZFhnVkNhV3h4VksxUW4yend3Sm11cFhieFZhTEIydG53NA?oc=5\" target=\"_blank\" rel=\"nofollow noopener\">Acidente grave na BR-282 em Cordilheira Alta deixa um morto<\/a>&nbsp;&nbsp;Di\u00e1rio do Igua\u00e7u<\/li>\n<\/ol>\n","protected":false},"excerpt":{"rendered":"Trag\u00e9dia na BR-282: Um \u00f3bito em Colis\u00e3o entre Carro e Carreta&nbsp;&nbsp;novafm103.com.br FOTOS: Caminhonete vira \u2018sucata met\u00e1lica\u2019 em colis\u00e3o&hellip;\n","protected":false},"author":2,"featured_media":5730,"comment_status":"","ping_status":"","sticky":false,"template":"","format":"standard","meta":{"footnotes":""},"categories":[141],"tags":[114,115,149,150,3100,32,33],"class_list":{"0":"post-127847","1":"post","2":"type-post","3":"status-publish","4":"format-standard","5":"has-post-thumbnail","7":"category-musica","8":"tag-entertainment","9":"tag-entretenimento","10":"tag-music","11":"tag-musica","12":"tag-nova-fm-103-1-fm-pinhalzinho-sc","13":"tag-portugal","14":"tag-pt"},"share_on_mastodon":{"url":"https:\/\/pubeurope.com\/@pt\/115443687951221710","error":""},"_links":{"self":[{"href":"https:\/\/www.europesays.com\/pt\/wp-json\/wp\/v2\/posts\/127847","targetHints":{"allow":["GET"]}}],"collection":[{"href":"https:\/\/www.europesays.com\/pt\/wp-json\/wp\/v2\/posts"}],"about":[{"href":"https:\/\/www.europesays.com\/pt\/wp-json\/wp\/v2\/types\/post"}],"author":[{"embeddable":true,"href":"https:\/\/www.europesays.com\/pt\/wp-json\/wp\/v2\/users\/2"}],"replies":[{"embeddable":true,"href":"https:\/\/www.europesays.com\/pt\/wp-json\/wp\/v2\/comments?post=127847"}],"version-history":[{"count":0,"href":"https:\/\/www.europesays.com\/pt\/wp-json\/wp\/v2\/posts\/127847\/revisions"}],"wp:featuredmedia":[{"embeddable":true,"href":"https:\/\/www.europesays.com\/pt\/wp-json\/wp\/v2\/media\/5730"}],"wp:attachment":[{"href":"https:\/\/www.europesays.com\/pt\/wp-json\/wp\/v2\/media?parent=127847"}],"wp:term":[{"taxonomy":"category","embeddable":true,"href":"https:\/\/www.europesays.com\/pt\/wp-json\/wp\/v2\/categories?post=127847"},{"taxonomy":"post_tag","embeddable":true,"href":"https:\/\/www.europesays.com\/pt\/wp-json\/wp\/v2\/tags?post=127847"}],"curies":[{"name":"wp","href":"https:\/\/api.w.org\/{rel}","templated":true}]}}