{"id":127852,"date":"2025-10-27T02:16:11","date_gmt":"2025-10-27T02:16:11","guid":{"rendered":"https:\/\/www.europesays.com\/pt\/127852\/"},"modified":"2025-10-27T02:16:11","modified_gmt":"2025-10-27T02:16:11","slug":"caetano-gil-chico-e-bethania-celebram-milton-nascimento-por-seus-83-anos","status":"publish","type":"post","link":"https:\/\/www.europesays.com\/pt\/127852\/","title":{"rendered":"Caetano, Gil, Chico e Beth\u00e2nia celebram Milton Nascimento por seus 83 anos"},"content":{"rendered":"<p class=\"texto\">Os 83 anos de Milton Nascimento, neste domingo (26\/10), foram celebrados por muita gente, a come\u00e7ar por Caetano Veloso.<\/p>\n<p class=\"texto\">\n<blockquote style=\"background: #FFF; border: 0; border-radius: 3px; box-shadow: 0 0 1px 0 rgba(0,0,0,0.5),0 1px 10px 0 rgba(0,0,0,0.15); margin: 1px; max-width: 540px; min-width: 326px; padding: 0; width: calc(100% - 2px);\" class=\" instagram-media-registered\" id=\"instagram-media-payload-0\" data-instgrm-permalink=\"https:\/\/www.instagram.com\/p\/DQRu7nHkXIV\/?utm_source=ig_embed&amp;utm_campaign=loading\" data-instgrm-version=\"14\"><p>&#13;<br \/>\n&#13;\n<\/p><\/blockquote>\n<p class=\"texto\">Em sua conta no Instagram, o parceiro de Bituca em &#8220;Paula e Bebeto&#8221; e &#8220;A terceira margem do rio&#8221; afirmou que ele \u00e9 o maior de sua gera\u00e7\u00e3o. \u201cCatolicismo mineiro, DNA africano, Milton desceu o vale do Mississipi e subiu os Andes com seu acordes e ritmos cheios de milagre e surpresa\u201d, declarou o baiano.<\/p>\n<p class=\"texto\">\n<p class=\"texto\">Gilberto Gil seguiu na mesma toada: \u201cMilton \u00e9 meu \u00eddolo. Eu visto a camisa de Bituca!\u201d. Maria Beth\u00e2nia n\u00e3o deixou barato: \u201cMiltons geniais. Hoje \u00e9 dia dele! A voz dos anjos&#8230;Obrigada por existir\u201d, postou a cantora junto de v\u00eddeo em que Milton conta como se sentiu, ao ouvir, em Belo Horizonte, numa r\u00e1dio, Beth\u00e2nia cantando \u201cNa primeira manh\u00e3\u201d.<\/p>\n<p class=\"texto\">Na hist\u00f3ria, contada anos atr\u00e1s, Milton relatou que ficou t\u00e3o impactado por ouvi-la que por pouco n\u00e3o bateu em carro. Chegando em casa, ligou para Fernando Brant e falou que os dois deveriam fazer uma m\u00fasica para Beth\u00e2nia. Assim compuseram \u201cCan\u00e7\u00f5es e momentos\u201d, que a baiana gravou com o pr\u00f3prio Bituca no \u00e1lbum \u201cDezembros\u201d (1986).<\/p>\n<blockquote style=\"background: #FFF; border: 0; border-radius: 3px; box-shadow: 0 0 1px 0 rgba(0,0,0,0.5),0 1px 10px 0 rgba(0,0,0,0.15); margin: 1px; max-width: 540px; min-width: 326px; padding: 0; width: calc(100% - 2px);\" class=\" instagram-media-registered\" id=\"instagram-media-payload-0\" data-instgrm-captioned=\"\" data-instgrm-permalink=\"https:\/\/www.instagram.com\/p\/DQRu7nHkXIV\/?utm_source=ig_embed&amp;utm_campaign=loading\" data-instgrm-version=\"14\"><p>&#13;<br \/>\n&#13;\n<\/p><\/blockquote>\n<p class=\"texto\">O anivers\u00e1rio do cantor e compositor tamb\u00e9m foi celebrado por Roberto Frejat: \u201cEsse artista \u00edmpar que \u00e9 Brasil, \u00e9 Minas Gerais, mas \u00e9 mais do que \u00e9 isso, \u00e9 Milton Nascimento, uma obra que n\u00e3o cabe em descri\u00e7\u00f5es, pois \u00e9 \u00fanica. Seu estilo \u00e9 Milton Nascimento, isso \u00e9 para poucos na hist\u00f3ria da m\u00fasica mundial.\u201d<\/p>\n<p class=\"texto\">\n<blockquote style=\"background: #FFF; border: 0; border-radius: 3px; box-shadow: 0 0 1px 0 rgba(0,0,0,0.5),0 1px 10px 0 rgba(0,0,0,0.15); margin: 1px; max-width: 540px; min-width: 326px; padding: 0; width: calc(100% - 2px);\" class=\" instagram-media-registered\" id=\"instagram-media-payload-0\" data-instgrm-captioned=\"\" data-instgrm-permalink=\"https:\/\/www.instagram.com\/reel\/DQRSFfSjpp_\/?utm_source=ig_embed&amp;utm_campaign=loading\" data-instgrm-version=\"14\"><p>&#13;<br \/>\n&#13;\n<\/p><\/blockquote>\n<p class=\"texto\">Um v\u00eddeo de 1982,do especial \u201cTravessia\u201d, da TV Globo, foi o escolhido por Chico Buarque para homenagear Milton. Na imagem, eles interpretam \u201cO cio da terra\u201d, uma das parcerias da dupla.<\/p>\n<p class=\"texto\">A equipe de Milton, que administra sua conta na rede social, publicou uma s\u00e9rie de fotos dele, da inf\u00e2ncia at\u00e9 a velhice. O material apresenta ainda um v\u00eddeo antigo de Bituca, acompanhado do pianista Wagner Tiso, cantando \u201cNada ser\u00e1 como antes\u201d. \u201cViva Milton Nascimento e toda a sua hist\u00f3ria. Hoje e sempre\u201d, foi o texto da postagem.<\/p>\n<p>    <script async src=\"\/\/www.instagram.com\/embed.js\"><\/script><\/p>\n","protected":false},"excerpt":{"rendered":"Os 83 anos de Milton Nascimento, neste domingo (26\/10), foram celebrados por muita gente, a come\u00e7ar por Caetano&hellip;\n","protected":false},"author":2,"featured_media":127853,"comment_status":"","ping_status":"","sticky":false,"template":"","format":"standard","meta":{"footnotes":""},"categories":[145],"tags":[6202,211,210,114,115,6033,32,33],"class_list":{"0":"post-127852","1":"post","2":"type-post","3":"status-publish","4":"format-standard","5":"has-post-thumbnail","7":"category-celebridades","8":"tag-caetano-veloso","9":"tag-celebridades","10":"tag-celebrities","11":"tag-entertainment","12":"tag-entretenimento","13":"tag-milton-nascimento","14":"tag-portugal","15":"tag-pt"},"share_on_mastodon":{"url":"https:\/\/pubeurope.com\/@pt\/115443727177673776","error":""},"_links":{"self":[{"href":"https:\/\/www.europesays.com\/pt\/wp-json\/wp\/v2\/posts\/127852","targetHints":{"allow":["GET"]}}],"collection":[{"href":"https:\/\/www.europesays.com\/pt\/wp-json\/wp\/v2\/posts"}],"about":[{"href":"https:\/\/www.europesays.com\/pt\/wp-json\/wp\/v2\/types\/post"}],"author":[{"embeddable":true,"href":"https:\/\/www.europesays.com\/pt\/wp-json\/wp\/v2\/users\/2"}],"replies":[{"embeddable":true,"href":"https:\/\/www.europesays.com\/pt\/wp-json\/wp\/v2\/comments?post=127852"}],"version-history":[{"count":0,"href":"https:\/\/www.europesays.com\/pt\/wp-json\/wp\/v2\/posts\/127852\/revisions"}],"wp:featuredmedia":[{"embeddable":true,"href":"https:\/\/www.europesays.com\/pt\/wp-json\/wp\/v2\/media\/127853"}],"wp:attachment":[{"href":"https:\/\/www.europesays.com\/pt\/wp-json\/wp\/v2\/media?parent=127852"}],"wp:term":[{"taxonomy":"category","embeddable":true,"href":"https:\/\/www.europesays.com\/pt\/wp-json\/wp\/v2\/categories?post=127852"},{"taxonomy":"post_tag","embeddable":true,"href":"https:\/\/www.europesays.com\/pt\/wp-json\/wp\/v2\/tags?post=127852"}],"curies":[{"name":"wp","href":"https:\/\/api.w.org\/{rel}","templated":true}]}}