{"id":127874,"date":"2025-10-27T02:49:08","date_gmt":"2025-10-27T02:49:08","guid":{"rendered":"https:\/\/www.europesays.com\/pt\/127874\/"},"modified":"2025-10-27T02:49:08","modified_gmt":"2025-10-27T02:49:08","slug":"manel-voce-esta-bem-em-direto-manuel-luis-goucha-sofre-grande-susto","status":"publish","type":"post","link":"https:\/\/www.europesays.com\/pt\/127874\/","title":{"rendered":"&#8220;Manel, voc\u00ea est\u00e1 bem?&#8221;: em direto, Manuel Lu\u00eds Goucha sofre grande susto!"},"content":{"rendered":"<p>Durante uma prova da edi\u00e7\u00e3o deste domingo, dia 26, do programa &#8220;Funt\u00e1stico&#8221;, <a href=\"https:\/\/selfie.iol.pt\/famosos\/manuel-luis-goucha\/manuel-luis-goucha-fala-sobre-novo-projeto-espero-que-esteja-pronto-para-o-ano\/20251009\/68e7be83d34e58bc6796b426\" target=\"_blank\" rel=\"nofollow noopener\">Manuel Lu\u00eds Goucha<\/a> apanhou aquele que ter\u00e1 sido certamente um dos maiores sustos da vida do apresentador.<\/p>\n<p>No decorrer dessa prova, um r\u00e9ptil saltou de uma caixa, acabando por assustar bastante Manuel Lu\u00eds Goucha e alguns elementos da plateia.<\/p>\n<p>&#8220;Manel, voc\u00ea est\u00e1 bem?&#8221;, questionou, inclusivamente, a concorrente que se encontrava a fazer a prova. &#8220;J\u00e1 sei que imagens v\u00e3o hoje parar \u00e0 Internet&#8221;, assinalou, com sentido de humor, o comunicador.<\/p>\n<p>Veja, agora, o v\u00eddeo. E n\u00e3o deixe de espreitar algumas das melhores imagens de Manuel Lu\u00eds Goucha nas galerias de fotografias que prepar\u00e1mos para si.<\/p>\n","protected":false},"excerpt":{"rendered":"Durante uma prova da edi\u00e7\u00e3o deste domingo, dia 26, do programa &#8220;Funt\u00e1stico&#8221;, Manuel Lu\u00eds Goucha apanhou aquele que&hellip;\n","protected":false},"author":2,"featured_media":127875,"comment_status":"","ping_status":"","sticky":false,"template":"","format":"standard","meta":{"footnotes":""},"categories":[145],"tags":[1353,211,210,114,115,980,12482,1015,619,32,33,1012,162],"class_list":{"0":"post-127874","1":"post","2":"type-post","3":"status-publish","4":"format-standard","5":"has-post-thumbnail","7":"category-celebridades","8":"tag-animais","9":"tag-celebridades","10":"tag-celebrities","11":"tag-entertainment","12":"tag-entretenimento","13":"tag-famosos","14":"tag-funtastico","15":"tag-instagram","16":"tag-nacional","17":"tag-portugal","18":"tag-pt","19":"tag-selfie","20":"tag-tvi"},"share_on_mastodon":{"url":"https:\/\/pubeurope.com\/@pt\/115443857059617893","error":""},"_links":{"self":[{"href":"https:\/\/www.europesays.com\/pt\/wp-json\/wp\/v2\/posts\/127874","targetHints":{"allow":["GET"]}}],"collection":[{"href":"https:\/\/www.europesays.com\/pt\/wp-json\/wp\/v2\/posts"}],"about":[{"href":"https:\/\/www.europesays.com\/pt\/wp-json\/wp\/v2\/types\/post"}],"author":[{"embeddable":true,"href":"https:\/\/www.europesays.com\/pt\/wp-json\/wp\/v2\/users\/2"}],"replies":[{"embeddable":true,"href":"https:\/\/www.europesays.com\/pt\/wp-json\/wp\/v2\/comments?post=127874"}],"version-history":[{"count":0,"href":"https:\/\/www.europesays.com\/pt\/wp-json\/wp\/v2\/posts\/127874\/revisions"}],"wp:featuredmedia":[{"embeddable":true,"href":"https:\/\/www.europesays.com\/pt\/wp-json\/wp\/v2\/media\/127875"}],"wp:attachment":[{"href":"https:\/\/www.europesays.com\/pt\/wp-json\/wp\/v2\/media?parent=127874"}],"wp:term":[{"taxonomy":"category","embeddable":true,"href":"https:\/\/www.europesays.com\/pt\/wp-json\/wp\/v2\/categories?post=127874"},{"taxonomy":"post_tag","embeddable":true,"href":"https:\/\/www.europesays.com\/pt\/wp-json\/wp\/v2\/tags?post=127874"}],"curies":[{"name":"wp","href":"https:\/\/api.w.org\/{rel}","templated":true}]}}