{"id":127888,"date":"2025-10-27T03:15:26","date_gmt":"2025-10-27T03:15:26","guid":{"rendered":"https:\/\/www.europesays.com\/pt\/127888\/"},"modified":"2025-10-27T03:15:26","modified_gmt":"2025-10-27T03:15:26","slug":"de-amigos-a-inimigos-o-homem-durao-orban-quer-fazer-frente-a-donald-trump","status":"publish","type":"post","link":"https:\/\/www.europesays.com\/pt\/127888\/","title":{"rendered":"De amigos a inimigos? O &#8220;homem dur\u00e3o&#8221; Orb\u00e1n quer fazer frente a Donald Trump"},"content":{"rendered":"<p class=\"wp-caption-text top\">Szilard Koszticsak \/ EPA<\/p>\n<p><img decoding=\"async\" loading=\"lazy\" class=\"wp-image-256475 size-kopa-image-size-3\" src=\"https:\/\/www.europesays.com\/pt\/wp-content\/uploads\/2025\/10\/6e92c2559a1afd4cfa6ceec80612ee25-783x450.jpg\" alt=\"\" width=\"700\" height=\"402\"  \/><\/p>\n<p><strong>As san\u00e7\u00f5es americanas ao petr\u00f3leo russo prometem criar algum desconforto na longa amizade entre Orb\u00e1n e Trump, dada a depend\u00eancia energ\u00e9tica da Hungria de Moscovo.<\/strong><\/p>\n<p>O primeiro-ministro h\u00fangaro, Viktor Orb\u00e1n, anunciou na sexta-feira que o seu Governo est\u00e1 a procurar formas de <strong>contornar as novas san\u00e7\u00f5es americanas<\/strong> \u00e0s empresas russas de petr\u00f3leo e g\u00e1s.<\/p>\n<p>A declara\u00e7\u00e3o surge ap\u00f3s a decis\u00e3o de Donald Trump, no in\u00edcio desta semana, de impor restri\u00e7\u00f5es abrangentes \u00e0 Lukoil e \u00e0 empresa estatal Rosneft, as primeiras san\u00e7\u00f5es significativas da sua administra\u00e7\u00e3o.<\/p>\n<p>Em declara\u00e7\u00f5es ao programa de r\u00e1dio estatal Bom Dia Hungria, Orb\u00e1n disse que Budapeste estava a \u201c<strong>trabalhar na forma de contornar estas san\u00e7\u00f5es<\/strong>\u201d em coordena\u00e7\u00e3o com os executivos da MOL, a empresa nacional de energia da Hungria.<\/p>\n<p>Orb\u00e1n alega que as medidas amea\u00e7am a seguran\u00e7a energ\u00e9tica da Hungria, uma vez que o <strong>pa\u00eds depende fortemente do fornecimento russo<\/strong>. \u201cQualquer pessoa que pretenda redu\u00e7\u00f5es nos pre\u00e7os dos servi\u00e7os p\u00fablicos deve defender o direito da Hungria de comprar petr\u00f3leo e g\u00e1s \u00e0 R\u00fassia\u201d, declarou Orb\u00e1n, enquadrando a quest\u00e3o como uma quest\u00e3o de sobreviv\u00eancia econ\u00f3mica nacional.<\/p>\n<p>As novas san\u00e7\u00f5es americanas dever\u00e3o restringir severamente a capacidade da R\u00fassia de exportar petr\u00f3leo para a Europa, for\u00e7ando potencialmente Moscovo a encerrar oleodutos importantes. Isto deixaria a Hungria, uma na\u00e7\u00e3o sem litoral e com <strong>acesso limitado a rotas alternativas<\/strong>, especialmente fragilizada no fornecimento de combust\u00edvel, com Orb\u00e1n a prometer que \u201ca batalha ainda n\u00e3o acabou\u201d.<\/p>\n<p>As san\u00e7\u00f5es norte-americanas podem azedar as rela\u00e7\u00f5es entre os l\u00edderes h\u00fangaro e americano, que s\u00e3o aliados de longa data e j\u00e1 trocam elogios desde o primeiro mandato de Trump na Casa Branca. Em 2023, o primeiro-ministro h\u00fangaro afirmou que \u201cT<strong>rump \u00e9 aquele que pode salvar o mundo ocidental<\/strong> e provavelmente toda a humanidade\u201d. J\u00e1 durante a campanha presidencial de 2024, Trump teceu grandes elogios a Orb\u00e1n, descrevendo-o como \u201cum l\u00edder fant\u00e1stico\u201d e um \u201chomem dur\u00e3o\u201d.<\/p>\n<p>H\u00e1 muito que a Hungria se distancia da pol\u00edtica energ\u00e9tica mais vasta da Uni\u00e3o Europeia e os choques entre Orb\u00e1n e Bruxelas t\u00eam sido constantes em v\u00e1rios temas. Embora a maioria dos membros da UE tenha reduzido drasticamente as importa\u00e7\u00f5es de combust\u00edveis f\u00f3sseis russos desde a invas\u00e3o da Ucr\u00e2nia, Budapeste continua a depender de Moscovo, argumentando que a sua <strong>economia entraria em colapso<\/strong> com os pre\u00e7os mais elevados da energia. A vizinha Eslov\u00e1quia adoptou uma postura semelhante, mantendo fortes la\u00e7os energ\u00e9ticos com o Kremlin.<\/p>\n<p>O primeiro-ministro h\u00fangaro tem justificado repetidamente a sua posi\u00e7\u00e3o citando a geografia, j\u00e1 que a Hungria n\u00e3o tem acesso a portos mar\u00edtimos e, por isso, depende de oleodutos russos. No entanto, os cr\u00edticos defendem que<strong> existem alternativas<\/strong>. A Cro\u00e1cia, por exemplo, afirmou que poderia satisfazer as necessidades energ\u00e9ticas da Hungria e da Eslov\u00e1quia atrav\u00e9s do oleoduto Adria e da sua infra-estrutura de GNL.<\/p>\n<p>As declara\u00e7\u00f5es de Orb\u00e1n ir\u00e3o provavelmente aprofundar as diverg\u00eancias entre a Hungria e os seus aliados ocidentais, ocorrendo numa altura em que Bruxelas e Washington tentam <strong>endurecer as san\u00e7\u00f5es contra a R\u00fassia<\/strong>. Caso Budapeste avance com os esfor\u00e7os para contornar as restri\u00e7\u00f5es, poder\u00e1 enfrentar repercuss\u00f5es diplom\u00e1ticas e um escrut\u00ednio renovado no seio da Uni\u00e3o Europeia, onde os seus la\u00e7os estreitos com Moscovo s\u00e3o um ponto de disc\u00f3rdia h\u00e1 muito tempo.<\/p>\n<p>    <a href=\"https:\/\/zap.aeiou.pt\/subscrever-newsletter\" data-wpel-link=\"internal\" rel=\"nofollow noopener\" target=\"_blank\">&#13;<br \/>\n        <img loading=\"lazy\" decoding=\"async\" class=\"aligncenter size-full wp-image-575475\" src=\"https:\/\/www.europesays.com\/pt\/wp-content\/uploads\/2025\/10\/1759862234_971_2d51fe4a0ba54894421ead1809309ed9-1-450x140.jpg\" alt=\"Subscreva a Newsletter ZAP\" width=\"450\" height=\"140\"\/>&#13;<br \/>\n    <\/a><\/p>\n<p>                <a href=\"https:\/\/whatsapp.com\/channel\/0029VaIC4EE2f3EJZPPSbR34\" data-wpel-link=\"external\" target=\"_blank\" rel=\"nofollow external noopener noreferrer\" class=\"ext-link\">&#13;<br \/>\n                    <img loading=\"lazy\" decoding=\"async\" class=\"aligncenter size-full wp-image-575475\" src=\"https:\/\/www.europesays.com\/pt\/wp-content\/uploads\/2025\/10\/1759862234_512_c68c559d956d4ca20f435ed74a6e71e6.png\" alt=\"Siga-nos no WhatsApp\" width=\"175\" height=\"64\"\/>&#13;<br \/>\n                <\/a><\/p>\n<p>                <a href=\"https:\/\/news.google.com\/publications\/CAAiEHRwZondIV71PDjWNoqMduEqFAgKIhB0cGaJ3SFe9Tw41jaKjHbh?hl=en-US&amp;gl=US&amp;ceid=US%3Aen\" data-wpel-link=\"external\" target=\"_blank\" rel=\"nofollow external noopener noreferrer\" class=\"ext-link\">&#13;<br \/>\n                    <img loading=\"lazy\" decoding=\"async\" class=\"aligncenter size-full wp-image-575475\" src=\"https:\/\/www.europesays.com\/pt\/wp-content\/uploads\/2025\/10\/1759862235_242_5123dd8b087b644fdb8f8603acd1bad4.png\" alt=\"Siga-nos no Google News\" width=\"176\" height=\"64\"\/>&#13;<br \/>\n                <\/a><\/p>\n","protected":false},"excerpt":{"rendered":"Szilard Koszticsak \/ EPA As san\u00e7\u00f5es americanas ao petr\u00f3leo russo prometem criar algum desconforto na longa amizade entre&hellip;\n","protected":false},"author":2,"featured_media":127889,"comment_status":"","ping_status":"","sticky":false,"template":"","format":"standard","meta":{"footnotes":""},"categories":[50],"tags":[27,28,269,413,15,16,14,1991,25,26,21,22,62,12,13,19,20,4007,23,24,839,17,18,29,30,31,63,64,65],"class_list":{"0":"post-127888","1":"post","2":"type-post","3":"status-publish","4":"format-standard","5":"has-post-thumbnail","7":"category-mundo","8":"tag-breaking-news","9":"tag-breakingnews","10":"tag-capa","11":"tag-eua","12":"tag-featured-news","13":"tag-featurednews","14":"tag-headlines","15":"tag-hungria","16":"tag-latest-news","17":"tag-latestnews","18":"tag-main-news","19":"tag-mainnews","20":"tag-mundo","21":"tag-news","22":"tag-noticias","23":"tag-noticias-principais","24":"tag-noticiasprincipais","25":"tag-politica-internacional","26":"tag-principais-noticias","27":"tag-principaisnoticias","28":"tag-russia","29":"tag-top-stories","30":"tag-topstories","31":"tag-ultimas","32":"tag-ultimas-noticias","33":"tag-ultimasnoticias","34":"tag-world","35":"tag-world-news","36":"tag-worldnews"},"share_on_mastodon":{"url":"https:\/\/pubeurope.com\/@pt\/115443959423709354","error":""},"_links":{"self":[{"href":"https:\/\/www.europesays.com\/pt\/wp-json\/wp\/v2\/posts\/127888","targetHints":{"allow":["GET"]}}],"collection":[{"href":"https:\/\/www.europesays.com\/pt\/wp-json\/wp\/v2\/posts"}],"about":[{"href":"https:\/\/www.europesays.com\/pt\/wp-json\/wp\/v2\/types\/post"}],"author":[{"embeddable":true,"href":"https:\/\/www.europesays.com\/pt\/wp-json\/wp\/v2\/users\/2"}],"replies":[{"embeddable":true,"href":"https:\/\/www.europesays.com\/pt\/wp-json\/wp\/v2\/comments?post=127888"}],"version-history":[{"count":0,"href":"https:\/\/www.europesays.com\/pt\/wp-json\/wp\/v2\/posts\/127888\/revisions"}],"wp:featuredmedia":[{"embeddable":true,"href":"https:\/\/www.europesays.com\/pt\/wp-json\/wp\/v2\/media\/127889"}],"wp:attachment":[{"href":"https:\/\/www.europesays.com\/pt\/wp-json\/wp\/v2\/media?parent=127888"}],"wp:term":[{"taxonomy":"category","embeddable":true,"href":"https:\/\/www.europesays.com\/pt\/wp-json\/wp\/v2\/categories?post=127888"},{"taxonomy":"post_tag","embeddable":true,"href":"https:\/\/www.europesays.com\/pt\/wp-json\/wp\/v2\/tags?post=127888"}],"curies":[{"name":"wp","href":"https:\/\/api.w.org\/{rel}","templated":true}]}}