{"id":127890,"date":"2025-10-27T03:18:09","date_gmt":"2025-10-27T03:18:09","guid":{"rendered":"https:\/\/www.europesays.com\/pt\/127890\/"},"modified":"2025-10-27T03:18:09","modified_gmt":"2025-10-27T03:18:09","slug":"joao-gomes-encanta-zeca-pagodinho-com-musica-em-homenagem-a-alagoano-icone-do-forro","status":"publish","type":"post","link":"https:\/\/www.europesays.com\/pt\/127890\/","title":{"rendered":"Jo\u00e3o Gomes encanta Zeca Pagodinho com m\u00fasica em homenagem a alagoano \u00edcone do forr\u00f3"},"content":{"rendered":"\n<p>Os cantores Jo\u00e3o Gomes, 23, e Zeca Pagodinho, 66, se reencontraram na \u00faltima sexta-feira (24) em um bar para um momento de descontra\u00e7\u00e3o. O jovem artista encantou o sambista com uma homenagem ao cantor e compositor alagoano Kara Veia, \u00edcone do forr\u00f3 de vaquejada, que morreu em 2004.\u00a0<\/p>\n<p><strong>Veja o v\u00eddeo:<\/strong><\/p>\n<p>Jo\u00e3o Gomes, em alta no piseiro e forr\u00f3, compartilhou os registros em rede social, embalando a noite com a legenda &#8220;por aqui, sextou&#8221;.<\/p>\n<p>O post gerou uma enxurrada de rea\u00e7\u00f5es divertidas dos f\u00e3s, com coment\u00e1rios como &#8220;O Brasil que deu certo&#8221;, &#8220;zerou o game&#8221;, &#8220;humilhou todos os sextou do Brasil&#8221; e &#8220;os dois caras mais &#8216;gente fina&#8217; do mundo&#8221;.<\/p>\n<p>O encontro, que celebrou a parceria entre gera\u00e7\u00f5es musicais, precede a grava\u00e7\u00e3o do novo DVD de Jo\u00e3o Gomes. O projeto ser\u00e1 realizado neste domingo (26), em um evento gratuito no Rio de Janeiro. Al\u00e9m da participa\u00e7\u00e3o especial de Zeca Pagodinho, o show contar\u00e1 com a presen\u00e7a de outras estrelas, como Ivete Sangalo, MC Cabelinho e Ruan Vaqueirinho.<\/p>\n","protected":false},"excerpt":{"rendered":"Os cantores Jo\u00e3o Gomes, 23, e Zeca Pagodinho, 66, se reencontraram na \u00faltima sexta-feira (24) em um bar&hellip;\n","protected":false},"author":2,"featured_media":127891,"comment_status":"","ping_status":"","sticky":false,"template":"","format":"standard","meta":{"footnotes":""},"categories":[145],"tags":[211,210,114,115,5929,29209,32,33,8999],"class_list":{"0":"post-127890","1":"post","2":"type-post","3":"status-publish","4":"format-standard","5":"has-post-thumbnail","7":"category-celebridades","8":"tag-celebridades","9":"tag-celebrities","10":"tag-entertainment","11":"tag-entretenimento","12":"tag-joao-gomes","13":"tag-kara-veia","14":"tag-portugal","15":"tag-pt","16":"tag-zeca-pagodinho"},"share_on_mastodon":{"url":"https:\/\/pubeurope.com\/@pt\/115443971065526675","error":""},"_links":{"self":[{"href":"https:\/\/www.europesays.com\/pt\/wp-json\/wp\/v2\/posts\/127890","targetHints":{"allow":["GET"]}}],"collection":[{"href":"https:\/\/www.europesays.com\/pt\/wp-json\/wp\/v2\/posts"}],"about":[{"href":"https:\/\/www.europesays.com\/pt\/wp-json\/wp\/v2\/types\/post"}],"author":[{"embeddable":true,"href":"https:\/\/www.europesays.com\/pt\/wp-json\/wp\/v2\/users\/2"}],"replies":[{"embeddable":true,"href":"https:\/\/www.europesays.com\/pt\/wp-json\/wp\/v2\/comments?post=127890"}],"version-history":[{"count":0,"href":"https:\/\/www.europesays.com\/pt\/wp-json\/wp\/v2\/posts\/127890\/revisions"}],"wp:featuredmedia":[{"embeddable":true,"href":"https:\/\/www.europesays.com\/pt\/wp-json\/wp\/v2\/media\/127891"}],"wp:attachment":[{"href":"https:\/\/www.europesays.com\/pt\/wp-json\/wp\/v2\/media?parent=127890"}],"wp:term":[{"taxonomy":"category","embeddable":true,"href":"https:\/\/www.europesays.com\/pt\/wp-json\/wp\/v2\/categories?post=127890"},{"taxonomy":"post_tag","embeddable":true,"href":"https:\/\/www.europesays.com\/pt\/wp-json\/wp\/v2\/tags?post=127890"}],"curies":[{"name":"wp","href":"https:\/\/api.w.org\/{rel}","templated":true}]}}