{"id":127894,"date":"2025-10-27T03:28:18","date_gmt":"2025-10-27T03:28:18","guid":{"rendered":"https:\/\/www.europesays.com\/pt\/127894\/"},"modified":"2025-10-27T03:28:18","modified_gmt":"2025-10-27T03:28:18","slug":"uptec-da-saude-ao-chao-de-fabrica-ia-esta-a-revolucionar-os-negocios-eco","status":"publish","type":"post","link":"https:\/\/www.europesays.com\/pt\/127894\/","title":{"rendered":"Uptec. Da sa\u00fade ao ch\u00e3o de f\u00e1brica, IA est\u00e1 a revolucionar os neg\u00f3cios \u2013 ECO"},"content":{"rendered":"<p>&#13;<\/p>\n<p class=\"entry__lead\"> De um universo de 160 startups incubadas na Uptec, cerca de 20% utilizam a IA nos seus modelos de neg\u00f3cio. Tecnologia est\u00e1 a ser encarada como uma oportunidade que Portugal n\u00e3o pode deixar escapar. <\/p>\n<p>\t\t\t\tEsta reportagem faz parte da 16.\u00aa edi\u00e7\u00e3o do ECO magazine. <a href=\"https:\/\/loja.eco.pt\/produto\/eco-magazine-no16\/\" rel=\"nofollow noopener\" target=\"_blank\">Pode comprar aqui<\/a>. Da sa\u00fade \u00e0 ind\u00fastria, passando pela restaura\u00e7\u00e3o, <strong>a intelig\u00eancia artificial (IA) est\u00e1 a ser encarada como um \u201crecurso extremamente poderoso\u201d<\/strong>que pode ajudar a salvar vidas, tornar o setor da restaura\u00e7\u00e3o previs\u00edvel e ter a f\u00e1brica na palma da m\u00e3o. \u00c9 no Parque de Ci\u00eancia e Tecnologia da Universidade do Porto ( <strong>Uptec<\/strong>), um edif\u00edcio de tr\u00eas pisos com mais de 1.200 metros quadrados, que <strong>est\u00e3o incubadas 33 startups ligadas \u00e0 IA<\/strong>. <strong>De um universo de 160 startups, cerca de 20% utilizam a tecnologia nos seus modelos de neg\u00f3cio.<\/strong>Maria Oliveira, diretora executiva da Uptec, n\u00e3o tem d\u00favidas que as startups direcionadas \u00e0 IA \u201ct\u00eam mais possibilidades de ser bem-sucedidas\u201d. Uma tecnologia que \u00e9 um aliado poderoso em v\u00e1rios<\/p>\n<p>\t\t&#13;<br \/>\n\t\t\tAssine o ECO Premium\t\t<\/p>\n<p>No momento em que a informa\u00e7\u00e3o \u00e9 mais importante do que nunca, apoie o jornalismo independente e rigoroso.<\/p>\n<p>De que forma? Assine o ECO Premium e tenha acesso a not\u00edcias exclusivas, \u00e0 opini\u00e3o que conta, \u00e0s reportagens e especiais que mostram o outro lado da hist\u00f3ria.<\/p>\n<p>Esta assinatura \u00e9 uma forma de apoiar o ECO e os seus jornalistas. A nossa contrapartida \u00e9 o jornalismo independente, rigoroso e cred\u00edvel.<\/p>\n","protected":false},"excerpt":{"rendered":"&#13; De um universo de 160 startups incubadas na Uptec, cerca de 20% utilizam a IA nos seus&hellip;\n","protected":false},"author":2,"featured_media":127895,"comment_status":"","ping_status":"","sticky":false,"template":"","format":"standard","meta":{"footnotes":""},"categories":[84],"tags":[109,107,108,476,933,834,32,33,105,103,104,3764,106,110],"class_list":{"0":"post-127894","1":"post","2":"type-post","3":"status-publish","4":"format-standard","5":"has-post-thumbnail","7":"category-ciencia-e-tecnologia","8":"tag-ciencia","9":"tag-ciencia-e-tecnologia","10":"tag-cienciaetecnologia","11":"tag-economia","12":"tag-inteligencia-artificial","13":"tag-negocios","14":"tag-portugal","15":"tag-pt","16":"tag-science","17":"tag-science-and-technology","18":"tag-scienceandtechnology","19":"tag-startups","20":"tag-technology","21":"tag-tecnologia"},"share_on_mastodon":{"url":"https:\/\/pubeurope.com\/@pt\/115444010442549694","error":""},"_links":{"self":[{"href":"https:\/\/www.europesays.com\/pt\/wp-json\/wp\/v2\/posts\/127894","targetHints":{"allow":["GET"]}}],"collection":[{"href":"https:\/\/www.europesays.com\/pt\/wp-json\/wp\/v2\/posts"}],"about":[{"href":"https:\/\/www.europesays.com\/pt\/wp-json\/wp\/v2\/types\/post"}],"author":[{"embeddable":true,"href":"https:\/\/www.europesays.com\/pt\/wp-json\/wp\/v2\/users\/2"}],"replies":[{"embeddable":true,"href":"https:\/\/www.europesays.com\/pt\/wp-json\/wp\/v2\/comments?post=127894"}],"version-history":[{"count":0,"href":"https:\/\/www.europesays.com\/pt\/wp-json\/wp\/v2\/posts\/127894\/revisions"}],"wp:featuredmedia":[{"embeddable":true,"href":"https:\/\/www.europesays.com\/pt\/wp-json\/wp\/v2\/media\/127895"}],"wp:attachment":[{"href":"https:\/\/www.europesays.com\/pt\/wp-json\/wp\/v2\/media?parent=127894"}],"wp:term":[{"taxonomy":"category","embeddable":true,"href":"https:\/\/www.europesays.com\/pt\/wp-json\/wp\/v2\/categories?post=127894"},{"taxonomy":"post_tag","embeddable":true,"href":"https:\/\/www.europesays.com\/pt\/wp-json\/wp\/v2\/tags?post=127894"}],"curies":[{"name":"wp","href":"https:\/\/api.w.org\/{rel}","templated":true}]}}