{"id":127898,"date":"2025-10-27T03:36:46","date_gmt":"2025-10-27T03:36:46","guid":{"rendered":"https:\/\/www.europesays.com\/pt\/127898\/"},"modified":"2025-10-27T03:36:46","modified_gmt":"2025-10-27T03:36:46","slug":"jessica-antunes-e-ameacada-de-morte-e-expoe-tudo-secret-story","status":"publish","type":"post","link":"https:\/\/www.europesays.com\/pt\/127898\/","title":{"rendered":"J\u00e9ssica Antunes \u00e9 amea\u00e7ada de morte e exp\u00f5e tudo &#8211; Secret Story"},"content":{"rendered":"<p><strong>J\u00e9ssica Antunes<\/strong> denunciou uma mensagem de \u00f3dio com amea\u00e7as perturbadoras, enviada por um internauta que, <a href=\"https:\/\/tvi.iol.pt\/secretstory\/rui-figueiredo\/jessica-antunes\/rui-figueiredo-usa-detalhe-romantico-na-roupa-de-casamento\" rel=\"nofollow noopener\" target=\"_blank\">segundo a ex-concorrente do <strong>Big Brother &#8211; A Revolu\u00e7\u00e3o<\/strong><\/a>, n\u00e3o conhece de lado nenhum.<\/p>\n<p>Na mensagem, que a pr\u00f3pria fez quest\u00e3o de divulgar nas redes sociais, \u00e9 poss\u00edvel ler: \u00abSua filha da pu**. Havias de morrer sua pu** de m****\u2026 Se te apanho atropelo-te. Pu** de m****. <strong>Havias de ser violada e morrer de cancro, sua porca<\/strong>\u00bb.<\/p>\n<p>Perante a gravidade do teor da mensagem, <a href=\"https:\/\/tvi.iol.pt\/secretstory\/jessica-antunes\/rui-figueiredo\/insolito-jessica-antunes-e-assaltada-no-seu-proprio-casamento-e-isto-e-o-que-se-sabe-ate-agora\" rel=\"nofollow noopener\" target=\"_blank\">J\u00e9ssica decidiu exp\u00f4-la publicamente<\/a>, bem como a identidade do autor. A ex-concorrente justificou a sua decis\u00e3o, afirmando: \u00ab<strong>Quando alguma figura p\u00fablica faz ou diz algo, facilmente \u00e9 not\u00edcia<\/strong>. O que n\u00e3o \u00e9 not\u00edcia (infelizmente) \u00e9 o motivo pelo qual, por vezes, perdemos a cabe\u00e7a\u00bb.<\/p>\n<p>A <a href=\"https:\/\/tvi.iol.pt\/secretstory\/rui-pedro-figueiredo\/jessica-antunes\/esta-apresentadora-de-televisao-de-peso-foi-a-casamenteira-de-jessica-antunes-e-rui-pedro\" rel=\"nofollow noopener\" target=\"_blank\">mulher de Rui Pedro Figueiredo <\/a>explicou ainda o contexto do desabafo: \u00ab<strong>Este homem veio ao meu Instagram para me ofender desta forma. Sem me conhecer de absolutamente lado nenhum.<\/strong> Sem nunca nos termos falado. Sem nunca nos termos cruzado sequer na vida\u00bb.<\/p>\n<p>\u00ab<strong>Tenho pena de quem vive e convive com um ser execr\u00e1vel como este!<\/strong>\u00bb, concluiu, indignada.<\/p>\n<p><strong>Pode ver tudo aqui:<\/strong><\/p>\n<p style=\"text-align:center\"><img loading=\"lazy\" decoding=\"async\" alt=\"\" height=\"850\" src=\"https:\/\/www.europesays.com\/pt\/wp-content\/uploads\/2025\/10\/68fe660bd34e58bc679753a6.webp\" width=\"472\"\/><\/p>\n<p>\u00a0<\/p>\n","protected":false},"excerpt":{"rendered":"J\u00e9ssica Antunes denunciou uma mensagem de \u00f3dio com amea\u00e7as perturbadoras, enviada por um internauta que, segundo a ex-concorrente&hellip;\n","protected":false},"author":2,"featured_media":127899,"comment_status":"","ping_status":"","sticky":false,"template":"","format":"standard","meta":{"footnotes":""},"categories":[142],"tags":[27131,18706,114,115,18705,17666,32,33,151,18704],"class_list":{"0":"post-127898","1":"post","2":"type-post","3":"status-publish","4":"format-standard","5":"has-post-thumbnail","7":"category-tv","8":"tag-ameacas","9":"tag-bastidores-secret-story","10":"tag-entertainment","11":"tag-entretenimento","12":"tag-entrevistas-concorrentes-tvi","13":"tag-jessica-antunes","14":"tag-portugal","15":"tag-pt","16":"tag-tv","17":"tag-vida-fora-da-casa"},"share_on_mastodon":{"url":"https:\/\/pubeurope.com\/@pt\/115444045911786849","error":""},"_links":{"self":[{"href":"https:\/\/www.europesays.com\/pt\/wp-json\/wp\/v2\/posts\/127898","targetHints":{"allow":["GET"]}}],"collection":[{"href":"https:\/\/www.europesays.com\/pt\/wp-json\/wp\/v2\/posts"}],"about":[{"href":"https:\/\/www.europesays.com\/pt\/wp-json\/wp\/v2\/types\/post"}],"author":[{"embeddable":true,"href":"https:\/\/www.europesays.com\/pt\/wp-json\/wp\/v2\/users\/2"}],"replies":[{"embeddable":true,"href":"https:\/\/www.europesays.com\/pt\/wp-json\/wp\/v2\/comments?post=127898"}],"version-history":[{"count":0,"href":"https:\/\/www.europesays.com\/pt\/wp-json\/wp\/v2\/posts\/127898\/revisions"}],"wp:featuredmedia":[{"embeddable":true,"href":"https:\/\/www.europesays.com\/pt\/wp-json\/wp\/v2\/media\/127899"}],"wp:attachment":[{"href":"https:\/\/www.europesays.com\/pt\/wp-json\/wp\/v2\/media?parent=127898"}],"wp:term":[{"taxonomy":"category","embeddable":true,"href":"https:\/\/www.europesays.com\/pt\/wp-json\/wp\/v2\/categories?post=127898"},{"taxonomy":"post_tag","embeddable":true,"href":"https:\/\/www.europesays.com\/pt\/wp-json\/wp\/v2\/tags?post=127898"}],"curies":[{"name":"wp","href":"https:\/\/api.w.org\/{rel}","templated":true}]}}