{"id":127925,"date":"2025-10-27T04:34:19","date_gmt":"2025-10-27T04:34:19","guid":{"rendered":"https:\/\/www.europesays.com\/pt\/127925\/"},"modified":"2025-10-27T04:34:19","modified_gmt":"2025-10-27T04:34:19","slug":"este-foi-o-grupo-vencedor-do-danca-com-o-secret-story-secret-story","status":"publish","type":"post","link":"https:\/\/www.europesays.com\/pt\/127925\/","title":{"rendered":"Este foi o Grupo vencedor do &#8216;Dan\u00e7a com o Secret Story&#8217; &#8211; Secret Story"},"content":{"rendered":"<p style=\"margin-bottom:11px\">No Secret Story 9, a tarde foi marcada por muita energia, ritmo e boa disposi\u00e7\u00e3o. O primeiro grupo, composto por Rui, Pedro Jorge, Mariana, Raquel, Ana, Marisa e Marisa Susana, animou a casa ao som de \u201cAin\u2019t Your Mama\u201d, de Jennifer Lopez, contagiando os colegas com a sua performance.<\/p>\n<p>O segundo grupo, formado por Liliana, F\u00e1bio, Leandro, In\u00eas, Bruna, Bruno Sim\u00e3o e Dylan, seguiu a aposta na dan\u00e7a com \u201cMarry You\u201d, de Bruno Mars, mostrando toda a sua energia e sintonia. A presta\u00e7\u00e3o entusiasmada do segundo grupo acabou por conquistar Ana Cristina, que o coroou como vencedor da atividade.<\/p>\n<p><strong>Esta semana cinco concorrentes est\u00e3o em risco de abandonar a casa mais vigiada do Pa\u00eds. Vote para salvar o seu concorrente favorito:<\/strong><\/p>\n<p><strong>BRUNO \u2013 761 20 20 04<br \/>IN\u00caS \u2013 761 20 20 10<br \/>LILIANA \u2013 761 20 20 14<br \/>MARIANA \u2013 761 20 20 15<br \/>RUI \u2013 761 20 20 19<\/strong><\/p>\n<p><a href=\"https:\/\/tvi.iol.pt\/secretstory\/aominuto\" wbo-id=\"32\" rel=\"nofollow noopener\" target=\"_blank\">Acompanhe, ao minuto, tudo o que acontece na casa mais vigiada do Pa\u00eds<\/a><\/p>\n","protected":false},"excerpt":{"rendered":"No Secret Story 9, a tarde foi marcada por muita energia, ritmo e boa disposi\u00e7\u00e3o. O primeiro grupo,&hellip;\n","protected":false},"author":2,"featured_media":127926,"comment_status":"","ping_status":"","sticky":false,"template":"","format":"standard","meta":{"footnotes":""},"categories":[142],"tags":[19725,3144,114,115,19033,19034,32,33,151,19032],"class_list":{"0":"post-127925","1":"post","2":"type-post","3":"status-publish","4":"format-standard","5":"has-post-thumbnail","7":"category-tv","8":"tag-ana-cristina","9":"tag-danca","10":"tag-entertainment","11":"tag-entretenimento","12":"tag-galas-em-video","13":"tag-melhores-momentos-casa-dos-segredos","14":"tag-portugal","15":"tag-pt","16":"tag-tv","17":"tag-videos-secret-story-tvi"},"share_on_mastodon":{"url":"https:\/\/pubeurope.com\/@pt\/115444269947959480","error":""},"_links":{"self":[{"href":"https:\/\/www.europesays.com\/pt\/wp-json\/wp\/v2\/posts\/127925","targetHints":{"allow":["GET"]}}],"collection":[{"href":"https:\/\/www.europesays.com\/pt\/wp-json\/wp\/v2\/posts"}],"about":[{"href":"https:\/\/www.europesays.com\/pt\/wp-json\/wp\/v2\/types\/post"}],"author":[{"embeddable":true,"href":"https:\/\/www.europesays.com\/pt\/wp-json\/wp\/v2\/users\/2"}],"replies":[{"embeddable":true,"href":"https:\/\/www.europesays.com\/pt\/wp-json\/wp\/v2\/comments?post=127925"}],"version-history":[{"count":0,"href":"https:\/\/www.europesays.com\/pt\/wp-json\/wp\/v2\/posts\/127925\/revisions"}],"wp:featuredmedia":[{"embeddable":true,"href":"https:\/\/www.europesays.com\/pt\/wp-json\/wp\/v2\/media\/127926"}],"wp:attachment":[{"href":"https:\/\/www.europesays.com\/pt\/wp-json\/wp\/v2\/media?parent=127925"}],"wp:term":[{"taxonomy":"category","embeddable":true,"href":"https:\/\/www.europesays.com\/pt\/wp-json\/wp\/v2\/categories?post=127925"},{"taxonomy":"post_tag","embeddable":true,"href":"https:\/\/www.europesays.com\/pt\/wp-json\/wp\/v2\/tags?post=127925"}],"curies":[{"name":"wp","href":"https:\/\/api.w.org\/{rel}","templated":true}]}}