{"id":127931,"date":"2025-10-27T04:44:09","date_gmt":"2025-10-27T04:44:09","guid":{"rendered":"https:\/\/www.europesays.com\/pt\/127931\/"},"modified":"2025-10-27T04:44:09","modified_gmt":"2025-10-27T04:44:09","slug":"tondela-sporting-cp","status":"publish","type":"post","link":"https:\/\/www.europesays.com\/pt\/127931\/","title":{"rendered":"Tondela &#8211; Sporting CP"},"content":{"rendered":"<p>      <img decoding=\"async\" itemprop=\"url\" alt=\"\" class=\"img-fluid\"  src=\"https:\/\/www.europesays.com\/pt\/wp-content\/uploads\/2025\/10\/ade85a8d71ae0427f949b5a0fb0b1d8d\" \/><\/p>\n<p>              Jos\u00e9 Coelho &#8211; EPA&#13;<\/p>\n<p itemprop=\"description\" class=\"article-lead\">\n      O Sporting venceu domingo por 3-0 na visita ao Tondela, em jogo da nona jornada da I Liga portuguesa de futebol, e igualou, provisoriamente, o FC Porto, que joga na segunda-feira, na lideran\u00e7a da prova. &#13;<\/p>\n<p itemprop=\"text\" class=\"article-body\">\n      No Est\u00e1dio Jo\u00e3o Cardoso, em Tondela, o colombiano Luis Su\u00e1rez, aos 18 minutos, Pedro Gon\u00e7alves, aos 59, e Quenda, nos descontos (90+2) marcaram os golos do Sporting, que na jornada anterior empatou em casa a um golo com o Sporting de Braga.<\/p>\n<p>&#13;<br \/>\nOs `le\u00f5es`, que no s\u00e1bado desceram, provisoriamente, ao terceiro lugar ap\u00f3s a goleada do Benfica ao Arouca (5-0), passaram a somar 22 pontos, os mesmos que o FC Porto, que na segunda-feira encerra a ronda com a visita ao Moreirense, enquanto o Tondela \u00e9 17.\u00ba e pen\u00faltimo, com cinco.&#13;<\/p>\n","protected":false},"excerpt":{"rendered":"Jos\u00e9 Coelho &#8211; EPA&#13; O Sporting venceu domingo por 3-0 na visita ao Tondela, em jogo da nona&hellip;\n","protected":false},"author":2,"featured_media":127932,"comment_status":"","ping_status":"","sticky":false,"template":"","format":"standard","meta":{"footnotes":""},"categories":[8],"tags":[27,28,15,16,14,25,26,21,22,12,13,19,20,32,23,24,33,420,421,17,18,29,30,31],"class_list":{"0":"post-127931","1":"post","2":"type-post","3":"status-publish","4":"format-standard","5":"has-post-thumbnail","7":"category-principais-noticias","8":"tag-breaking-news","9":"tag-breakingnews","10":"tag-featured-news","11":"tag-featurednews","12":"tag-headlines","13":"tag-latest-news","14":"tag-latestnews","15":"tag-main-news","16":"tag-mainnews","17":"tag-news","18":"tag-noticias","19":"tag-noticias-principais","20":"tag-noticiasprincipais","21":"tag-portugal","22":"tag-principais-noticias","23":"tag-principaisnoticias","24":"tag-pt","25":"tag-rtp","26":"tag-rtp-noticias","27":"tag-top-stories","28":"tag-topstories","29":"tag-ultimas","30":"tag-ultimas-noticias","31":"tag-ultimasnoticias"},"share_on_mastodon":{"url":"https:\/\/pubeurope.com\/@pt\/115444309639711358","error":""},"_links":{"self":[{"href":"https:\/\/www.europesays.com\/pt\/wp-json\/wp\/v2\/posts\/127931","targetHints":{"allow":["GET"]}}],"collection":[{"href":"https:\/\/www.europesays.com\/pt\/wp-json\/wp\/v2\/posts"}],"about":[{"href":"https:\/\/www.europesays.com\/pt\/wp-json\/wp\/v2\/types\/post"}],"author":[{"embeddable":true,"href":"https:\/\/www.europesays.com\/pt\/wp-json\/wp\/v2\/users\/2"}],"replies":[{"embeddable":true,"href":"https:\/\/www.europesays.com\/pt\/wp-json\/wp\/v2\/comments?post=127931"}],"version-history":[{"count":0,"href":"https:\/\/www.europesays.com\/pt\/wp-json\/wp\/v2\/posts\/127931\/revisions"}],"wp:featuredmedia":[{"embeddable":true,"href":"https:\/\/www.europesays.com\/pt\/wp-json\/wp\/v2\/media\/127932"}],"wp:attachment":[{"href":"https:\/\/www.europesays.com\/pt\/wp-json\/wp\/v2\/media?parent=127931"}],"wp:term":[{"taxonomy":"category","embeddable":true,"href":"https:\/\/www.europesays.com\/pt\/wp-json\/wp\/v2\/categories?post=127931"},{"taxonomy":"post_tag","embeddable":true,"href":"https:\/\/www.europesays.com\/pt\/wp-json\/wp\/v2\/tags?post=127931"}],"curies":[{"name":"wp","href":"https:\/\/api.w.org\/{rel}","templated":true}]}}