{"id":127941,"date":"2025-10-27T04:59:11","date_gmt":"2025-10-27T04:59:11","guid":{"rendered":"https:\/\/www.europesays.com\/pt\/127941\/"},"modified":"2025-10-27T04:59:11","modified_gmt":"2025-10-27T04:59:11","slug":"fernanda-torres-aparece-com-novo-visual-em-os-corretores-26-10-2025-celebridades","status":"publish","type":"post","link":"https:\/\/www.europesays.com\/pt\/127941\/","title":{"rendered":"Fernanda Torres aparece com novo visual em &#8216;Os Corretores&#8217; &#8211; 26\/10\/2025 &#8211; Celebridades"},"content":{"rendered":"<p>\n<strong class=\"c-signature__location\">Rio de Janeiro<\/strong>\n<\/p>\n<p>Ap\u00f3s o sucesso de <a href=\"https:\/\/www1.folha.uol.com.br\/folha-topicos\/ainda-estou-aqui\/\" rel=\"nofollow noopener\" target=\"\">&#8220;Ainda Estou Aqui&#8221;<\/a> \u2014 <a href=\"https:\/\/www1.folha.uol.com.br\/ilustrada\/2025\/03\/ainda-estou-aqui-vence-o-oscar-de-melhor-filme-internacional-o-1o-do-brasil.shtml\" rel=\"nofollow noopener\" target=\"\">vencedor do Oscar 2025 de Melhor Filme Internacional <\/a>\u2014 <a href=\"https:\/\/www1.folha.uol.com.br\/folha-topicos\/fernanda-torres\/\" rel=\"nofollow noopener\" target=\"\">Fernanda Torres<\/a>, 60, est\u00e1 de volta aos sets de filmagem. Neste domingo (26), a atriz foi vista gravando cenas de &#8220;Os Corretores&#8221; em duas loca\u00e7\u00f5es no centro do Rio de Janeiro. Ela exibiu os cabelos mais longos e em um tom mais escuro do que vinha usando nas \u00faltimas semanas.<\/p>\n","protected":false},"excerpt":{"rendered":"Rio de Janeiro Ap\u00f3s o sucesso de &#8220;Ainda Estou Aqui&#8221; \u2014 vencedor do Oscar 2025 de Melhor Filme&hellip;\n","protected":false},"author":2,"featured_media":127942,"comment_status":"","ping_status":"","sticky":false,"template":"","format":"standard","meta":{"footnotes":""},"categories":[145],"tags":[4352,219,211,210,470,6724,223,114,115,224,225,1746,226,753,221,220,222,1409,32,33,4349,2566,218,228,227,4348],"class_list":{"0":"post-127941","1":"post","2":"type-post","3":"status-publish","4":"format-standard","5":"has-post-thumbnail","7":"category-celebridades","8":"tag-ainda-estou-aqui","9":"tag-bichos","10":"tag-celebridades","11":"tag-celebrities","12":"tag-cinema","13":"tag-cinema-brasileiro","14":"tag-colunistas","15":"tag-entertainment","16":"tag-entretenimento","17":"tag-estranho","18":"tag-eu-amo","19":"tag-fernanda-torres","20":"tag-fofices","21":"tag-globo","22":"tag-horoscopo","23":"tag-humanos","24":"tag-humor","25":"tag-oscar","26":"tag-portugal","27":"tag-pt","28":"tag-selton-mello","29":"tag-televiso","30":"tag-televisao","31":"tag-tudo","32":"tag-videos","33":"tag-walter-salles"},"share_on_mastodon":{"url":"https:\/\/pubeurope.com\/@pt\/115444368210620376","error":""},"_links":{"self":[{"href":"https:\/\/www.europesays.com\/pt\/wp-json\/wp\/v2\/posts\/127941","targetHints":{"allow":["GET"]}}],"collection":[{"href":"https:\/\/www.europesays.com\/pt\/wp-json\/wp\/v2\/posts"}],"about":[{"href":"https:\/\/www.europesays.com\/pt\/wp-json\/wp\/v2\/types\/post"}],"author":[{"embeddable":true,"href":"https:\/\/www.europesays.com\/pt\/wp-json\/wp\/v2\/users\/2"}],"replies":[{"embeddable":true,"href":"https:\/\/www.europesays.com\/pt\/wp-json\/wp\/v2\/comments?post=127941"}],"version-history":[{"count":0,"href":"https:\/\/www.europesays.com\/pt\/wp-json\/wp\/v2\/posts\/127941\/revisions"}],"wp:featuredmedia":[{"embeddable":true,"href":"https:\/\/www.europesays.com\/pt\/wp-json\/wp\/v2\/media\/127942"}],"wp:attachment":[{"href":"https:\/\/www.europesays.com\/pt\/wp-json\/wp\/v2\/media?parent=127941"}],"wp:term":[{"taxonomy":"category","embeddable":true,"href":"https:\/\/www.europesays.com\/pt\/wp-json\/wp\/v2\/categories?post=127941"},{"taxonomy":"post_tag","embeddable":true,"href":"https:\/\/www.europesays.com\/pt\/wp-json\/wp\/v2\/tags?post=127941"}],"curies":[{"name":"wp","href":"https:\/\/api.w.org\/{rel}","templated":true}]}}