{"id":127949,"date":"2025-10-27T05:16:08","date_gmt":"2025-10-27T05:16:08","guid":{"rendered":"https:\/\/www.europesays.com\/pt\/127949\/"},"modified":"2025-10-27T05:16:08","modified_gmt":"2025-10-27T05:16:08","slug":"marisa-com-ciumes-de-pedro-jorge-o-concorrente-reage-a-tudo-no-confessionario-tvi-player","status":"publish","type":"post","link":"https:\/\/www.europesays.com\/pt\/127949\/","title":{"rendered":"Marisa com ci\u00fames de Pedro Jorge? O concorrente reage a tudo no confession\u00e1rio &#8211; TVI Player"},"content":{"rendered":"<ol>\n<li><a href=\"https:\/\/news.google.com\/rss\/articles\/CBMipAFBVV95cUxQUzJCYnRfa1djOWkwdmpYNGlmeHlQV19wdEVROWFSRzFmRzNxNkdmM1VDRjZhUGh1M0hHRkVfXzRGNFd1QVBkcXQ0QnlmWlpPdVM5aDBJNWcxQWNjR0dwYmJDdXZFRDBwcjRHZTFCcHpKRGVILUtVYzVDTkJXVWw2WlBvRTdMRms5djdBM3c4MXVpeEhUNk9pelVyTUJJWEVDdHN5Tg?oc=5\" target=\"_blank\" rel=\"nofollow noopener\">Marisa com ci\u00fames de Pedro Jorge? O concorrente reage a tudo no confession\u00e1rio<\/a>&nbsp;&nbsp;TVI Player<\/li>\n<li><a href=\"https:\/\/news.google.com\/rss\/articles\/CBMiqgFBVV95cUxNYVVnczNUVVg5RjQ4Z2kzQ2dTb3ZlanFLa0xVTGJKSTlQYUM0UXdnWFlSeW9Vb0g2dGpYc3B6X3V6WEJMeC1acWFWZFBHOUZuUXd3SHl2MDlOYzladHFPcVNrbDBvbTZLYmFQYlR4R0pTVzV6dWVGaGhmamVmUGNXU2xjNnY1MXpVNVJLUnJfSGlJbHFqdW9GcDZUMDhIVHFobUY4RWxYdExIdw?oc=5\" target=\"_blank\" rel=\"nofollow noopener\">Marisa com ci\u00fames ap\u00f3s &#8220;conversa \u00edntima&#8221; entre Liliana e Pedro Jorge: &#8220;N\u00e3o gostou de ver&#8230;&#8221;<\/a>&nbsp;&nbsp;Hiper Fm<\/li>\n<li><a href=\"https:\/\/news.google.com\/rss\/articles\/CBMitAFBVV95cUxQcFJVcVRjaFNTLWRUeFZPMHpNZVM1VmxJNGNtMnJJMmtlTmg5WDExODJ5bm5FbFNOZ2JpS3YtbGZucW9ITm9HamFsUlRrSEZDVjFvZnFFTDBKeFhhQ21yS2tPZWdZWG1qeGhXRTJmdWt6Q0RMNXU4WU8tZFpfenBoVzEtbE84dXI5MlVtU2ptYk5BVGt3UlJwejUwaXVpV3hKWDJYVnQxRkNXc3BZV0FwYWRfN3Q?oc=5\" target=\"_blank\" rel=\"nofollow noopener\">Casa dos Segredos: Teresa Silva alerta para o impacto da revela\u00e7\u00e3o do segredo de Pedro e Marisa<\/a>&nbsp;&nbsp;infocul.pt<\/li>\n<li><a href=\"https:\/\/news.google.com\/rss\/articles\/CBMiuwFBVV95cUxNbWZRNFhvTnJEbTAwQ0xDVFEtU3VETTI3M1duVnhiYS1SNWx4NmJyZHNNeEFJNTRScmlQOUdwQWNxMmttZDNzdWM2ZVpkTWpCVVhjUUJJaWp1eERqcFV3WkxqVW43eDBTUFVoTnBBbGNRcHJuX1BveUFieWxDd1pmbmNLaHYtZk9aMVlYRG41d2hmS3VlRHg5eUFYckZ1Smp5U2dTY3R2aVVCTG1GM0VvazFwZ00xRXoxSUZn?oc=5\" target=\"_blank\" rel=\"nofollow noopener\">Casa dos Segredos Compadre de Marisa e Pedro Jorge exp\u00f5e farsa: \u201cN\u00e3o s\u00e3o casados\u201d<\/a>&nbsp;&nbsp;Portal Impala<\/li>\n<li><a href=\"https:\/\/news.google.com\/rss\/articles\/CBMi4wFBVV95cUxOZEpoMmFoWU43aWg0YXE4RTlEeHRpTnVjbGlqUFY2QjRRWF9UdEQtZFItdDZZVGM0aU9SUTQ4V0cxM3oyWG1TdUZSSllJSFVBeHBzWE8wMHJxcjZBM2dNMUViQnZKYWpkN3BtM0RVNFJzOGxxdWVlYVJTOUVxY3Q4cVJhTVBCZ1MyOFlzSzVETG1Uc1NPemMxTXk3N2VudUk4ZUFoWEFLQTNoVzl6Qno4a0c4RVRVcGwxeVM1NUlwbVExMW1pUGVJWjBpbjRjRUtKd2haeHNIMFJxeUVFZV92VEc1OA?oc=5\" target=\"_blank\" rel=\"nofollow noopener\">Casa dos Segredos- Liliana mais certeira do que nunca! Marisa e Pedro entram em p\u00e2nico: \u201cCasal verdadeiro\u201d<\/a>&nbsp;&nbsp;SAPO<\/li>\n<\/ol>\n","protected":false},"excerpt":{"rendered":"Marisa com ci\u00fames de Pedro Jorge? O concorrente reage a tudo no confession\u00e1rio&nbsp;&nbsp;TVI Player Marisa com ci\u00fames ap\u00f3s&hellip;\n","protected":false},"author":2,"featured_media":127950,"comment_status":"","ping_status":"","sticky":false,"template":"","format":"standard","meta":{"footnotes":""},"categories":[142],"tags":[114,115,21416,32,33,151],"class_list":{"0":"post-127949","1":"post","2":"type-post","3":"status-publish","4":"format-standard","5":"has-post-thumbnail","7":"category-tv","8":"tag-entertainment","9":"tag-entretenimento","10":"tag-pedro-jorge","11":"tag-portugal","12":"tag-pt","13":"tag-tv"},"share_on_mastodon":{"url":"https:\/\/pubeurope.com\/@pt\/115444435003248821","error":""},"_links":{"self":[{"href":"https:\/\/www.europesays.com\/pt\/wp-json\/wp\/v2\/posts\/127949","targetHints":{"allow":["GET"]}}],"collection":[{"href":"https:\/\/www.europesays.com\/pt\/wp-json\/wp\/v2\/posts"}],"about":[{"href":"https:\/\/www.europesays.com\/pt\/wp-json\/wp\/v2\/types\/post"}],"author":[{"embeddable":true,"href":"https:\/\/www.europesays.com\/pt\/wp-json\/wp\/v2\/users\/2"}],"replies":[{"embeddable":true,"href":"https:\/\/www.europesays.com\/pt\/wp-json\/wp\/v2\/comments?post=127949"}],"version-history":[{"count":0,"href":"https:\/\/www.europesays.com\/pt\/wp-json\/wp\/v2\/posts\/127949\/revisions"}],"wp:featuredmedia":[{"embeddable":true,"href":"https:\/\/www.europesays.com\/pt\/wp-json\/wp\/v2\/media\/127950"}],"wp:attachment":[{"href":"https:\/\/www.europesays.com\/pt\/wp-json\/wp\/v2\/media?parent=127949"}],"wp:term":[{"taxonomy":"category","embeddable":true,"href":"https:\/\/www.europesays.com\/pt\/wp-json\/wp\/v2\/categories?post=127949"},{"taxonomy":"post_tag","embeddable":true,"href":"https:\/\/www.europesays.com\/pt\/wp-json\/wp\/v2\/tags?post=127949"}],"curies":[{"name":"wp","href":"https:\/\/api.w.org\/{rel}","templated":true}]}}