{"id":127951,"date":"2025-10-27T05:28:09","date_gmt":"2025-10-27T05:28:09","guid":{"rendered":"https:\/\/www.europesays.com\/pt\/127951\/"},"modified":"2025-10-27T05:28:09","modified_gmt":"2025-10-27T05:28:09","slug":"luciano-huck-cumpre-desafio-e-danca-hit-do-domino-26-10-2025-celebridades","status":"publish","type":"post","link":"https:\/\/www.europesays.com\/pt\/127951\/","title":{"rendered":"Luciano Huck cumpre desafio e dan\u00e7a hit do Domin\u00f3 &#8211; 26\/10\/2025 &#8211; Celebridades"},"content":{"rendered":"<p>\n<strong class=\"c-signature__location\">Rio de Janeiro<\/strong>\n<\/p>\n<p><a href=\"https:\/\/www1.folha.uol.com.br\/folha-topicos\/luciano-huck\/\" rel=\"nofollow noopener\" target=\"\">Luciano Huck<\/a>, 54, cumpriu o que prometeu para celebrar a meta alcan\u00e7ada em doa\u00e7\u00f5es ao Crian\u00e7a Esperan\u00e7a durante o seu programa neste domingo (26): dan\u00e7ar ao som do grupo Domin\u00f3 ao lado de um dos integrantes do grupo, <a href=\"https:\/\/www1.folha.uol.com.br\/folha-topicos\/rodrigo-faro\/\" rel=\"nofollow noopener\" target=\"\">Rodrigo Faro. <\/a>&#8220;Vou pagar um mico que nunca paguei na televis\u00e3o&#8221;, brincou Huck antes do momento final da atra\u00e7\u00e3o.<\/p>\n","protected":false},"excerpt":{"rendered":"Rio de Janeiro Luciano Huck, 54, cumpriu o que prometeu para celebrar a meta alcan\u00e7ada em doa\u00e7\u00f5es ao&hellip;\n","protected":false},"author":2,"featured_media":127952,"comment_status":"","ping_status":"","sticky":false,"template":"","format":"standard","meta":{"footnotes":""},"categories":[145],"tags":[219,211,210,223,4938,2749,9027,114,115,224,225,226,753,221,220,222,2815,32,33,218,228,227],"class_list":{"0":"post-127951","1":"post","2":"type-post","3":"status-publish","4":"format-standard","5":"has-post-thumbnail","7":"category-celebridades","8":"tag-bichos","9":"tag-celebridades","10":"tag-celebrities","11":"tag-colunistas","12":"tag-criana","13":"tag-criana-esperana","14":"tag-domingo-com-huck","15":"tag-entertainment","16":"tag-entretenimento","17":"tag-estranho","18":"tag-eu-amo","19":"tag-fofices","20":"tag-globo","21":"tag-horoscopo","22":"tag-humanos","23":"tag-humor","24":"tag-luciano-huck","25":"tag-portugal","26":"tag-pt","27":"tag-televisao","28":"tag-tudo","29":"tag-videos"},"share_on_mastodon":{"url":"https:\/\/pubeurope.com\/@pt\/115444482288292014","error":""},"_links":{"self":[{"href":"https:\/\/www.europesays.com\/pt\/wp-json\/wp\/v2\/posts\/127951","targetHints":{"allow":["GET"]}}],"collection":[{"href":"https:\/\/www.europesays.com\/pt\/wp-json\/wp\/v2\/posts"}],"about":[{"href":"https:\/\/www.europesays.com\/pt\/wp-json\/wp\/v2\/types\/post"}],"author":[{"embeddable":true,"href":"https:\/\/www.europesays.com\/pt\/wp-json\/wp\/v2\/users\/2"}],"replies":[{"embeddable":true,"href":"https:\/\/www.europesays.com\/pt\/wp-json\/wp\/v2\/comments?post=127951"}],"version-history":[{"count":0,"href":"https:\/\/www.europesays.com\/pt\/wp-json\/wp\/v2\/posts\/127951\/revisions"}],"wp:featuredmedia":[{"embeddable":true,"href":"https:\/\/www.europesays.com\/pt\/wp-json\/wp\/v2\/media\/127952"}],"wp:attachment":[{"href":"https:\/\/www.europesays.com\/pt\/wp-json\/wp\/v2\/media?parent=127951"}],"wp:term":[{"taxonomy":"category","embeddable":true,"href":"https:\/\/www.europesays.com\/pt\/wp-json\/wp\/v2\/categories?post=127951"},{"taxonomy":"post_tag","embeddable":true,"href":"https:\/\/www.europesays.com\/pt\/wp-json\/wp\/v2\/tags?post=127951"}],"curies":[{"name":"wp","href":"https:\/\/api.w.org\/{rel}","templated":true}]}}