{"id":127959,"date":"2025-10-27T05:42:14","date_gmt":"2025-10-27T05:42:14","guid":{"rendered":"https:\/\/www.europesays.com\/pt\/127959\/"},"modified":"2025-10-27T05:42:14","modified_gmt":"2025-10-27T05:42:14","slug":"herancas-milionarias-de-cid-moreira-e-zagallo-provocam-disputas-familiares-record","status":"publish","type":"post","link":"https:\/\/www.europesays.com\/pt\/127959\/","title":{"rendered":"Heran\u00e7as milion\u00e1rias de Cid Moreira e Zagallo provocam disputas familiares \u2013 Record"},"content":{"rendered":"<p>O Domingo Espetacular deste domingo (26) aborda o futuro das heran\u00e7as deixadas por Cid Moreira e Zagallo. Depois das despedidas, as hist\u00f3rias de sucesso profissional perderam espa\u00e7o para disputas por heran\u00e7as milion\u00e1rias.\u00a0\u00a0<\/p>\n<p>Na \u00faltima semana, novos cap\u00edtulos vieram \u00e0 tona: den\u00fancias sobre transa\u00e7\u00f5es envolvendo os im\u00f3veis de Cid Moreira supostamente feitas pela vi\u00fava, e que poderiam dilapidar o patrim\u00f4nio deixado pelo jornalista. Cid Moreira morreu em 3 de outubro de 2024, aos 97 anos, na regi\u00e3o serrana do Rio de Janeiro, mas as desaven\u00e7as familiares tiveram in\u00edcio bem antes.\u00a0\u00a0<\/p>\n<p>O locutor deixou dois filhos: Rodrigo, filho biol\u00f3gico, que nunca teve uma rela\u00e7\u00e3o pr\u00f3xima com o pai, e Roger, sobrinho de uma ex-mulher de Cid Moreira, adotado pelo casal j\u00e1 adulto. Por muitos anos, Roger trabalhou com o pai.\u00a0\u00a0<\/p>\n<p>Em 2006, aos 79 anos, Cid Moreira se casou com a jornalista Maria de F\u00e1tima Sampaio. Roger viveu um tempo com o casal e conta que &#8211; no in\u00edcio &#8211; a rela\u00e7\u00e3o entre ele e a nova esposa de Cid era boa, mas, aos poucos, sentiu que F\u00e1tima o afastou dos projetos. Ele tamb\u00e9m teve um apartamento e o est\u00fadio onde trabalhava, que seriam doa\u00e7\u00f5es de Cid, tomados e vendidos. Poucos antes da morte do pai, Roger e Rodrigo se conheceram e entraram na Justi\u00e7a contra a mulher de Cid.\u00a0\u00a0<\/p>\n<p>Os irm\u00e3os alegavam que eram impedidos de ver o pai e pediram a interdi\u00e7\u00e3o dele. Acusavam ainda Maria de F\u00e1tima de dar comida estragada ao jornalista e mant\u00ea-lo em &#8220;c\u00e1rcere privado&#8221;. As a\u00e7\u00f5es judiciais movidas por eles, nesse per\u00edodo, foram consideradas &#8220;improcedentes&#8221; pela Justi\u00e7a e teriam influenciado em uma decis\u00e3o dr\u00e1stica, atribu\u00edda ao comunicador: eles foram deserdados.\u00a0\u00a0<\/p>\n<p>O testamento de Cid Moreira, datado de 6 de mar\u00e7o de 2024, destinou todo o patrim\u00f4nio, avaliado entre R$ 60 a R$ 100 milh\u00f5es, unicamente a Maria de F\u00e1tima. A lei determina que pelo menos 50% da heran\u00e7a seja dividida entre os filhos. Atualmente, o invent\u00e1rio do apresentador est\u00e1 suspenso. Os filhos contestaram na Justi\u00e7a a autenticidade do testamento, por conta de suspeitas sobre as assinaturas de Cid Moreira.\u00a0\u00a0<\/p>\n<p>Em um laudo documentosc\u00f3pico, contratado por eles, o perito atestou que existem &#8220;tremores e oscila\u00e7\u00f5es n\u00e3o naturais&#8221;, al\u00e9m de &#8220;altera\u00e7\u00e3o no fluxo e na press\u00e3o do tra\u00e7o&#8221;, o que &#8220;destoa do padr\u00e3o de assinaturas&#8221;. O representante de Maria de F\u00e1tima nega qualquer irregularidade no processo. Uma per\u00edcia recente, tamb\u00e9m contratada pelos filhos, apurou uma s\u00e9rie de transa\u00e7\u00f5es imobili\u00e1rias atribu\u00eddas a Maria de F\u00e1tima. Algumas, supostamente realizadas mesmo ap\u00f3s a morte de Cid Moreira. As investiga\u00e7\u00f5es apontam que im\u00f3veis avaliados em milh\u00f5es de reais foram negociados por valores muito abaixo do pre\u00e7o de mercado.\u00a0\u00a0<\/p>\n<p>Em \u00e1udios, que foram anexados ao processo, e obtidos com exclusividade pelo Domingo Espetacular, os im\u00f3veis eram negociados normalmente, apesar das irregularidades. Na \u00faltima semana, a Justi\u00e7a do Rio de Janeiro intimou Maria de F\u00e1tima Sampaio Moreira a apresentar uma defesa para a a\u00e7\u00e3o rescis\u00f3ria movida pelos filhos do jornalista.\u00a0\u00a0<\/p>\n<p>Se no caso de Cid Moreira, a disputa judicial pela heran\u00e7a e as apura\u00e7\u00f5es sobre o esp\u00f3lio acabaram unindo os dois irm\u00e3os contra a vi\u00fava, no caso de Zagallo a situa\u00e7\u00e3o \u00e9 diferente. Os herdeiros de um dos maiores nomes do futebol est\u00e3o em lados opostos.\u00a0\u00a0<\/p>\n<p>Os irm\u00e3os mais velhos questionam o fato de o ca\u00e7ula ter ficado com mais da metade do patrim\u00f4nio sozinho, cumprindo um desejo que seria do pai. Em jogo uma fortuna superior a R$ 10 milh\u00f5es.\u00a0\u00a0<\/p>\n<p>A briga pela heran\u00e7a se intensificou com a divulga\u00e7\u00e3o de um v\u00eddeo, gravado em 18 de novembro de 2016, durante a formaliza\u00e7\u00e3o do testamento do ex-t\u00e9cnico, na presen\u00e7a de uma tabeli\u00e3. Nele, Zagallo faz duras cr\u00edticas a tr\u00eas dos quatro filhos. A grava\u00e7\u00e3o, foi apresentada \u00e0 Justi\u00e7a recentemente pelo filho ca\u00e7ula do tetracampe\u00e3o, que morreu aos 92 anos, em 2024.\u00a0\u00a0<\/p>\n<p>A m\u00e1goa com os tr\u00eas dos quatro filhos teria sido o motivo para uma partilha diferenciada. Zagallo deixou 12,5% para cada um dos mais velhos: Paulo Jorge, Maria Em\u00edlia e Maria Cristina, mas M\u00e1rio C\u00e9sar ficou 62,5% da heran\u00e7a. Os 12,5% a que tinha direito como filho e mais os 50% que a lei determina que a pessoa pode dispor como quiser. Zagalo optou por deixar mais da metade da fortuna para o filho ca\u00e7ula.\u00a0\u00a0<\/p>\n<p>A disputa familiar come\u00e7ou depois da morte da esposa de Zagallo, Dona Alcina, em 2012. O ex- t\u00e9cnico teria dito que n\u00e3o existia um testamento. Os quatro filhos, ent\u00e3o, renunciaram \u00e0 heran\u00e7a da m\u00e3e em favor de Zagallo. Mas, meses depois, o documento foi encontrado e os tr\u00eas filhos mais velhos resolveram entrar na Justi\u00e7a e pedir revis\u00e3o da divis\u00e3o de bens. No entanto, o patrim\u00f4nio, que constava no documento, n\u00e3o existia mais.\u00a0\u00a0<\/p>\n<p>Zagallo \u00e9 considerado o maior vencedor de copas do mundo da hist\u00f3ria. Conquistou quatro ta\u00e7as &#8211; duas como jogador em 1958 e 1962, e como treinador da sele\u00e7\u00e3o brasileira em 1970. Assumiu o cargo de coordenador t\u00e9cnico em 1994 e se consagrou em tr\u00eas fun\u00e7\u00f5es diferentes.\u00a0<\/p>\n<p><b>O PlayPlus agora \u00e9 RecordPlus: mais conte\u00fado da RECORD para voc\u00ea, ao vivo e de gra\u00e7a. Baixe o app <b><a href=\"https:\/\/descubra.recordplus.com\/\" rel=\"nofollow noopener\" target=\"_blank\">aqui!<\/a><\/b><\/b><\/p>\n","protected":false},"excerpt":{"rendered":"O Domingo Espetacular deste domingo (26) aborda o futuro das heran\u00e7as deixadas por Cid Moreira e Zagallo. Depois&hellip;\n","protected":false},"author":2,"featured_media":127960,"comment_status":"","ping_status":"","sticky":false,"template":"","format":"standard","meta":{"footnotes":""},"categories":[145],"tags":[211,210,29214,114,115,6178,32,33],"class_list":{"0":"post-127959","1":"post","2":"type-post","3":"status-publish","4":"format-standard","5":"has-post-thumbnail","7":"category-celebridades","8":"tag-celebridades","9":"tag-celebrities","10":"tag-cid-moreira","11":"tag-entertainment","12":"tag-entretenimento","13":"tag-fraude","14":"tag-portugal","15":"tag-pt"},"share_on_mastodon":{"url":"https:\/\/pubeurope.com\/@pt\/115444537283412777","error":""},"_links":{"self":[{"href":"https:\/\/www.europesays.com\/pt\/wp-json\/wp\/v2\/posts\/127959","targetHints":{"allow":["GET"]}}],"collection":[{"href":"https:\/\/www.europesays.com\/pt\/wp-json\/wp\/v2\/posts"}],"about":[{"href":"https:\/\/www.europesays.com\/pt\/wp-json\/wp\/v2\/types\/post"}],"author":[{"embeddable":true,"href":"https:\/\/www.europesays.com\/pt\/wp-json\/wp\/v2\/users\/2"}],"replies":[{"embeddable":true,"href":"https:\/\/www.europesays.com\/pt\/wp-json\/wp\/v2\/comments?post=127959"}],"version-history":[{"count":0,"href":"https:\/\/www.europesays.com\/pt\/wp-json\/wp\/v2\/posts\/127959\/revisions"}],"wp:featuredmedia":[{"embeddable":true,"href":"https:\/\/www.europesays.com\/pt\/wp-json\/wp\/v2\/media\/127960"}],"wp:attachment":[{"href":"https:\/\/www.europesays.com\/pt\/wp-json\/wp\/v2\/media?parent=127959"}],"wp:term":[{"taxonomy":"category","embeddable":true,"href":"https:\/\/www.europesays.com\/pt\/wp-json\/wp\/v2\/categories?post=127959"},{"taxonomy":"post_tag","embeddable":true,"href":"https:\/\/www.europesays.com\/pt\/wp-json\/wp\/v2\/tags?post=127959"}],"curies":[{"name":"wp","href":"https:\/\/api.w.org\/{rel}","templated":true}]}}