{"id":128011,"date":"2025-10-27T07:41:13","date_gmt":"2025-10-27T07:41:13","guid":{"rendered":"https:\/\/www.europesays.com\/pt\/128011\/"},"modified":"2025-10-27T07:41:13","modified_gmt":"2025-10-27T07:41:13","slug":"filipa-se-desespera-apos-rosa-e-sofia-sairem-escondidas","status":"publish","type":"post","link":"https:\/\/www.europesays.com\/pt\/128011\/","title":{"rendered":"Filipa se desespera ap\u00f3s Rosa e Sofia sa\u00edrem escondidas"},"content":{"rendered":"\n<p class=\" content-text__container \" data-track-category=\"Link no Texto\" data-track-links=\"\"> Filipa avisar\u00e1 Leo sobre o desaparecimento de Rosa e Sofia, e a ex-bab\u00e1 acionar\u00e1 Marlon (Humberto Morais). Sofia tamb\u00e9m conseguir\u00e1 ligar para Leo, e o policial as encontrar\u00e1. Ao reencontr\u00e1-las, Filipa repreender\u00e1 a menina pela atitude e levar\u00e1 ambas de volta para a mans\u00e3o. <\/p>\n<p class=\" content-text__container \" data-track-category=\"Link no Texto\" data-track-links=\"\"> Nos pr\u00f3ximos cap\u00edtulos, ap\u00f3s passar uma temporada na casa de Leo, Sofia voltar\u00e1 a morar com a fam\u00edlia Boaz. Rosa, Filipa e Jaques (<a class=\"\" href=\"https:\/\/oglobo.globo.com\/tudo-sobre\/personalidade\/marcello-novaes\" rel=\"nofollow noopener\" target=\"_blank\">Marcello Novaes<\/a>) organizar\u00e3o uma recep\u00e7\u00e3o para Sofia, que se mostrar\u00e1 amedrontada com a presen\u00e7a do vil\u00e3o. <\/p>\n","protected":false},"excerpt":{"rendered":"Filipa avisar\u00e1 Leo sobre o desaparecimento de Rosa e Sofia, e a ex-bab\u00e1 acionar\u00e1 Marlon (Humberto Morais). Sofia&hellip;\n","protected":false},"author":2,"featured_media":128012,"comment_status":"","ping_status":"","sticky":false,"template":"","format":"standard","meta":{"footnotes":""},"categories":[142],"tags":[4470,4789,1718,114,115,6465,32,33,679,151],"class_list":{"0":"post-128011","1":"post","2":"type-post","3":"status-publish","4":"format-standard","5":"has-post-thumbnail","7":"category-tv","8":"tag-clara-moneke","9":"tag-claudia-abreu","10":"tag-dona-de-mim","11":"tag-entertainment","12":"tag-entretenimento","13":"tag-marcello-novaes","14":"tag-portugal","15":"tag-pt","16":"tag-reportagem","17":"tag-tv"},"share_on_mastodon":{"url":"https:\/\/pubeurope.com\/@pt\/115445005143899380","error":""},"_links":{"self":[{"href":"https:\/\/www.europesays.com\/pt\/wp-json\/wp\/v2\/posts\/128011","targetHints":{"allow":["GET"]}}],"collection":[{"href":"https:\/\/www.europesays.com\/pt\/wp-json\/wp\/v2\/posts"}],"about":[{"href":"https:\/\/www.europesays.com\/pt\/wp-json\/wp\/v2\/types\/post"}],"author":[{"embeddable":true,"href":"https:\/\/www.europesays.com\/pt\/wp-json\/wp\/v2\/users\/2"}],"replies":[{"embeddable":true,"href":"https:\/\/www.europesays.com\/pt\/wp-json\/wp\/v2\/comments?post=128011"}],"version-history":[{"count":0,"href":"https:\/\/www.europesays.com\/pt\/wp-json\/wp\/v2\/posts\/128011\/revisions"}],"wp:featuredmedia":[{"embeddable":true,"href":"https:\/\/www.europesays.com\/pt\/wp-json\/wp\/v2\/media\/128012"}],"wp:attachment":[{"href":"https:\/\/www.europesays.com\/pt\/wp-json\/wp\/v2\/media?parent=128011"}],"wp:term":[{"taxonomy":"category","embeddable":true,"href":"https:\/\/www.europesays.com\/pt\/wp-json\/wp\/v2\/categories?post=128011"},{"taxonomy":"post_tag","embeddable":true,"href":"https:\/\/www.europesays.com\/pt\/wp-json\/wp\/v2\/tags?post=128011"}],"curies":[{"name":"wp","href":"https:\/\/api.w.org\/{rel}","templated":true}]}}