{"id":128025,"date":"2025-10-27T08:07:33","date_gmt":"2025-10-27T08:07:33","guid":{"rendered":"https:\/\/www.europesays.com\/pt\/128025\/"},"modified":"2025-10-27T08:07:33","modified_gmt":"2025-10-27T08:07:33","slug":"os-antidotos-para-o-avc-de-carlos-observador","status":"publish","type":"post","link":"https:\/\/www.europesays.com\/pt\/128025\/","title":{"rendered":"os ant\u00eddotos para o AVC de Carlos \u2013 Observador"},"content":{"rendered":"<p>Os \u00f3culos vermelhos, a t-shirt de Miles Davis, as sapatilhas coloridas. Tudo em Carlos Te\u00f3filo Morais Furtado de Oliveira apela \u00e0 irrever\u00eancia, n\u00e3o obstante os 74 anos, ou qualquer mazela que o AVC lhe tenha deixado. \u201cTenho 74 anos mas n\u00e3o pratico\u201d, come\u00e7a por avisar, com um sentido de humor t\u00e3o apurado que quase nos esquecemos de como \u00e9 dram\u00e1tico viver com os efeitos de veias que entopem o c\u00e9rebro.<\/p>\n<p>Foi advogado e professor e, nas horas vagas, sempre se dedicou \u00e0 comunidade, \u00e0 interven\u00e7\u00e3o c\u00edvica e associativa. H\u00e1 dias, esteve atarefado com a organiza\u00e7\u00e3o do <a href=\"https:\/\/cineeco.pt\/\" rel=\"nofollow noopener\" target=\"_blank\">CineEco<\/a> \u2014 Festival Internacional de Cinema Ambiental da Serra da Estrela, que se realizou entre 10 e 18 de outubro.<\/p>\n<p>No dia 26 de janeiro de 2023 acordou \u00e0s seis da manh\u00e3 para ir nadar. Mal se levantou, sentiu que se desequilibrava. Voltou a deitar-se e a dormir mais um pouco mas, quando acordou de novo, mantinha-se o sintoma. Percorreu ent\u00e3o a odisseia entre hospitais relatada pela mulher. Na Guarda, chegou a dizer \u00e0 m\u00e9dica que \u201cde certeza tinha tido um AVC\u201d. Ela ignorou-o. Mas depois voltou atr\u00e1s e perguntou-lhe por que dizia isso. \u201cPorque eu toda a vida fui de esquerda, e agora caio para a direita.\u201d<\/p>\n<p>Quando finalmente chegou ao Hospital da Universidade de Coimbra era j\u00e1 de noite. Tinham passado mais de 12 horas desde os primeiros sintomas, inviabilizando o sucesso da revers\u00e3o do trombo \u2014 que deve acontecer nas primeiras horas. Feito o diagn\u00f3stico correto, Carlos Te\u00f3filo ficou alguns dias nos cuidados intensivos, depois no internamento. \u201cFiz muita fisioterapia, depois nata\u00e7\u00e3o \u2014 e na tacinha, porque nunca deixei de beber o meu copo de vinho\u201d, sublinha. De resto, explica sempre a toda a gente que \u00e9 portador do \u201ckit Te\u00f3filo: queijo, p\u00e3o e vinho do D\u00e3o\u201d. Mas deixou de fumar, faz hoje um controlo da diabetes que n\u00e3o fazia e, mesmo com os excessos que o caracterizam, tem algum cuidado.<\/p>\n<p>A convalescen\u00e7a na UCCI foi o que mais lhe custou, \u201cpor causa das regras\u201d. \u201cAquilo havia horas para tudo, n\u00e3o pode fazer isto, temos de fazer aquilo. Ora, eu s\u00f3 estive preso uma vez, antes do 25 de Abril, n\u00e3o podia sentir-me preso novamente\u201d, relata. \u201cEu estava l\u00e1 para fazer fisioterapia, mas estava com os velhinhos todos. Como se fosse um Lar\u201d, acrescenta, ele que passou a receber as visitas dos amigos \u201cna capela, entre anedotas \u2018picantes\u2019\u201d. Na verdade, demorou-se l\u00e1 pouco mais de um m\u00eas. Reconhece a import\u00e2ncia da fisioterapia \u2014 que continua a fazer \u2014 mas aponta o dedo \u201c\u00e0s regras, sobretudo para pessoas que est\u00e3o l\u00facidas, como era o meu caso\u201d.<\/p>\n<p>\u201cEstive sempre bem-disposto, nunca me senti deprimido. Nunca fui dado a isso, e mentalizei-me que tinha mesmo de me recuperar, para ter a minha autonomia de volta.\u201d Na Santa Casa da Miseric\u00f3rdia ainda hoje se lembram do feito in\u00e9dito: Carlos chegou em mar\u00e7o, dois dias antes do Dia Internacinoal da Mulher. \u201cPerguntaram-me se queria fazer umas flores, tipo trabalhos manuais. E fiquei escandalizado. Ora eu, que toda a vida comprei flores para oferecer, encomendei flores de verdade na florista. Eram t\u00falipas, para dar \u00e0s 42 mulheres que ali trabalham.\u201d<\/p>\n<p>Carlos Te\u00f3filo continua a apreciar nas pequenas coisas a beleza da vida. A casa da quinta onde mora \u00e9 sempre uma porta aberta para os amigos. No escrit\u00f3rio amontoam-se livros e discos a perder de vista, p\u00f3steres de cinema, e retalhos da (sua) vida, como ela \u00e9.<\/p>\n<p class=\"arterial-italic\">Antes de sair, temos tr\u00eas perguntas relacionadas com o artigo que acabou de ler. \u00c9 um mini-question\u00e1rio muito r\u00e1pido e totalmente an\u00f3nimo.<br \/><a href=\"https:\/\/observador.typeform.com\/to\/V1BO3eoL\" target=\"_blank\" rel=\"nofollow noopener\">Participe aqui<\/a>.<\/p>\n<p class=\"lead\">Arterial \u00e9 uma sec\u00e7\u00e3o do Observador dedicada exclusivamente a temas relacionados com doen\u00e7as<br \/>\n            c\u00e9rebro-cardiovasculares. Resulta de uma parceria com a Novartis e tem a colabora\u00e7\u00e3o da Associa\u00e7\u00e3o de Apoio<br \/>\n            aos<br \/>\n            Doentes com Insufici\u00eancia Card\u00edaca, da Funda\u00e7\u00e3o Portuguesa de Cardiologia, da Portugal AVC, da Sociedade<br \/>\n            Portuguesa do Acidente Vascular Cerebral, da Sociedade Portuguesa de Aterosclerose e da Sociedade Portuguesa<br \/>\n            de<br \/>\n            Cardiologia. \u00c9 um conte\u00fado editorial completamente independente.<\/p>\n<p class=\"label\">Uma parceria com:<\/p>\n<p>                <img decoding=\"async\" class=\"mxw-l\" src=\"https:\/\/www.europesays.com\/pt\/wp-content\/uploads\/2025\/10\/novartis.png\" alt=\"Novartis\"\/><\/p>\n<p>                            <strong>Tem um minuto?<\/strong><br \/>O Observador est\u00e1 a realizar junto dos seus leitores um curto estudo de apenas quatro perguntas. <a href=\"https:\/\/observador.typeform.com\/to\/DnJJ0FZQ\" target=\"_blank\" style=\"text-decoration: underline; color:#262626;\" rel=\"nofollow noopener\">Responda aqui<\/a>.<\/p>\n","protected":false},"excerpt":{"rendered":"Os \u00f3culos vermelhos, a t-shirt de Miles Davis, as sapatilhas coloridas. Tudo em Carlos Te\u00f3filo Morais Furtado de&hellip;\n","protected":false},"author":2,"featured_media":128026,"comment_status":"","ping_status":"","sticky":false,"template":"","format":"standard","meta":{"footnotes":""},"categories":[145],"tags":[3159,4643,211,210,442,9129,114,115,2648,1208,7654,57,32,33,2946,1209,58],"class_list":{"0":"post-128025","1":"post","2":"type-post","3":"status-publish","4":"format-standard","5":"has-post-thumbnail","7":"category-celebridades","8":"tag-arterial","9":"tag-cardiologia","10":"tag-celebridades","11":"tag-celebrities","12":"tag-ciu00eancia","13":"tag-cuidados-de-sau00fade","14":"tag-entertainment","15":"tag-entretenimento","16":"tag-hospitais","17":"tag-medicina","18":"tag-neurologia","19":"tag-pau00eds","20":"tag-portugal","21":"tag-pt","22":"tag-sau00fade","23":"tag-serviu00e7o-nacional-de-sau00fade","24":"tag-sociedade"},"share_on_mastodon":{"url":"https:\/\/pubeurope.com\/@pt\/115445107621831795","error":""},"_links":{"self":[{"href":"https:\/\/www.europesays.com\/pt\/wp-json\/wp\/v2\/posts\/128025","targetHints":{"allow":["GET"]}}],"collection":[{"href":"https:\/\/www.europesays.com\/pt\/wp-json\/wp\/v2\/posts"}],"about":[{"href":"https:\/\/www.europesays.com\/pt\/wp-json\/wp\/v2\/types\/post"}],"author":[{"embeddable":true,"href":"https:\/\/www.europesays.com\/pt\/wp-json\/wp\/v2\/users\/2"}],"replies":[{"embeddable":true,"href":"https:\/\/www.europesays.com\/pt\/wp-json\/wp\/v2\/comments?post=128025"}],"version-history":[{"count":0,"href":"https:\/\/www.europesays.com\/pt\/wp-json\/wp\/v2\/posts\/128025\/revisions"}],"wp:featuredmedia":[{"embeddable":true,"href":"https:\/\/www.europesays.com\/pt\/wp-json\/wp\/v2\/media\/128026"}],"wp:attachment":[{"href":"https:\/\/www.europesays.com\/pt\/wp-json\/wp\/v2\/media?parent=128025"}],"wp:term":[{"taxonomy":"category","embeddable":true,"href":"https:\/\/www.europesays.com\/pt\/wp-json\/wp\/v2\/categories?post=128025"},{"taxonomy":"post_tag","embeddable":true,"href":"https:\/\/www.europesays.com\/pt\/wp-json\/wp\/v2\/tags?post=128025"}],"curies":[{"name":"wp","href":"https:\/\/api.w.org\/{rel}","templated":true}]}}