{"id":128027,"date":"2025-10-27T08:10:12","date_gmt":"2025-10-27T08:10:12","guid":{"rendered":"https:\/\/www.europesays.com\/pt\/128027\/"},"modified":"2025-10-27T08:10:12","modified_gmt":"2025-10-27T08:10:12","slug":"secret-story-em-plena-gala-ines-faz-pedido-e-vera-fica-de-boca-aberta","status":"publish","type":"post","link":"https:\/\/www.europesays.com\/pt\/128027\/","title":{"rendered":"&#8220;Secret Story&#8221;: em plena gala, In\u00eas faz pedido&#8230; e Vera fica de boca aberta!"},"content":{"rendered":"<p>Como \u00e9 habitual, nos dias de gala de &#8220;<a href=\"https:\/\/tvi.iol.pt\/secretstory\/\" target=\"_blank\" rel=\"nofollow noopener\">Secret Story &#8211; Casa dos Segredos<\/a>&#8221; \u00e9 feito um balan\u00e7o da presta\u00e7\u00e3o semanal da maioria dos concorrentes.<\/p>\n<p>Dylan foi um dos participantes cujos comportamentos foram analisados em conversa com Cristina Ferreira. Mas, antes, foram exibidas imagens dos mais recentes dias do jovem, inclusivamente da proximidade com In\u00eas.<\/p>\n<p>&#8220;Por favor, Voz d\u00ea-nos um lanchinho&#8221;, pediu a concorrente nessas imagens. No est\u00fadio, ao assistir a estas imagens, Vera mostrou-se perplexa e at\u00e9 ficou de boca aberta.<\/p>\n<p>Veja, agora, algumas das melhores imagens de Vera e In\u00eas nas galerias de fotografias que prepar\u00e1mos para si.<\/p>\n<p>\u00a0<\/p>\n","protected":false},"excerpt":{"rendered":"Como \u00e9 habitual, nos dias de gala de &#8220;Secret Story &#8211; Casa dos Segredos&#8221; \u00e9 feito um balan\u00e7o&hellip;\n","protected":false},"author":2,"featured_media":128028,"comment_status":"","ping_status":"","sticky":false,"template":"","format":"standard","meta":{"footnotes":""},"categories":[142],"tags":[2632,114,115,980,15353,619,32,33,1014,1315,1012,151,162,11841],"class_list":{"0":"post-128027","1":"post","2":"type-post","3":"status-publish","4":"format-standard","5":"has-post-thumbnail","7":"category-tv","8":"tag-casa-dos-segredos","9":"tag-entertainment","10":"tag-entretenimento","11":"tag-famosos","12":"tag-ines","13":"tag-nacional","14":"tag-portugal","15":"tag-pt","16":"tag-reality-show","17":"tag-secret-story","18":"tag-selfie","19":"tag-tv","20":"tag-tvi","21":"tag-vera"},"share_on_mastodon":{"url":"https:\/\/pubeurope.com\/@pt\/115445119265137803","error":""},"_links":{"self":[{"href":"https:\/\/www.europesays.com\/pt\/wp-json\/wp\/v2\/posts\/128027","targetHints":{"allow":["GET"]}}],"collection":[{"href":"https:\/\/www.europesays.com\/pt\/wp-json\/wp\/v2\/posts"}],"about":[{"href":"https:\/\/www.europesays.com\/pt\/wp-json\/wp\/v2\/types\/post"}],"author":[{"embeddable":true,"href":"https:\/\/www.europesays.com\/pt\/wp-json\/wp\/v2\/users\/2"}],"replies":[{"embeddable":true,"href":"https:\/\/www.europesays.com\/pt\/wp-json\/wp\/v2\/comments?post=128027"}],"version-history":[{"count":0,"href":"https:\/\/www.europesays.com\/pt\/wp-json\/wp\/v2\/posts\/128027\/revisions"}],"wp:featuredmedia":[{"embeddable":true,"href":"https:\/\/www.europesays.com\/pt\/wp-json\/wp\/v2\/media\/128028"}],"wp:attachment":[{"href":"https:\/\/www.europesays.com\/pt\/wp-json\/wp\/v2\/media?parent=128027"}],"wp:term":[{"taxonomy":"category","embeddable":true,"href":"https:\/\/www.europesays.com\/pt\/wp-json\/wp\/v2\/categories?post=128027"},{"taxonomy":"post_tag","embeddable":true,"href":"https:\/\/www.europesays.com\/pt\/wp-json\/wp\/v2\/tags?post=128027"}],"curies":[{"name":"wp","href":"https:\/\/api.w.org\/{rel}","templated":true}]}}