{"id":128033,"date":"2025-10-27T08:18:14","date_gmt":"2025-10-27T08:18:14","guid":{"rendered":"https:\/\/www.europesays.com\/pt\/128033\/"},"modified":"2025-10-27T08:18:14","modified_gmt":"2025-10-27T08:18:14","slug":"venezuela-anuncia-captura-de-mercenarios-ligados-a-cia-e-alerta-para-provocacao-hostil","status":"publish","type":"post","link":"https:\/\/www.europesays.com\/pt\/128033\/","title":{"rendered":"Venezuela anuncia captura de mercen\u00e1rios ligados \u00e0 CIA e alerta para &#8220;provoca\u00e7\u00e3o hostil&#8221;"},"content":{"rendered":"<p data-remotead-prev-elm=\"true\" data-remotead-elm-id=\"inread\">&#8220;A Venezuela denuncia uma provoca\u00e7\u00e3o militar de Trindade e Tobago em cooordena\u00e7\u00e3o com a CIA para provocar uma guerra nas Cara\u00edbas&#8221;, escreveu o Governo de Nicol\u00e1s Maduro, num comunicado divulgado hoje.<\/p>\n<p>O Executivo de Maduro alegou ter &#8220;capturado um grupo de mercen\u00e1rios com instru\u00e7\u00f5es diretas da ag\u00eancia de informa\u00e7\u00e3o americana, a CIA, o que permitiu concluir que estar\u00e1 a ser preparada uma opera\u00e7\u00e3o de falsa bandeira a partir de \u00e1guas territoriais de Trindade e Tobago, ou mesmo do seu pr\u00f3prio territ\u00f3rio ou de solo venezuelano, para desencadear um confronto militar total&#8221;.<\/p>\n<p>&#8220;Provoca\u00e7\u00e3o hostil&#8221;<\/p>\n<p>Caracas apontou ainda a &#8220;perigosa realiza\u00e7\u00e3o de exerc\u00edcios militares pelo Governo de Trindade e Tobago entre 26 e 30 de outubro, coordenados, financiados e controlados pelo Comando Sul dos Estados Unidos&#8221;, o que considerou &#8220;uma provoca\u00e7\u00e3o hostil contra a Venezuela e uma grave amea\u00e7a \u00e0 paz nas Cara\u00edbas&#8221;.<\/p>\n<p data-remotead-prev-elm=\"true\" data-remotead-elm-id=\"centro1\">A chegada ao pequeno arquip\u00e9lago caribenho do contra-torpedeiro norte-americano USS Gravely, acompanhado por uma unidade de fuzileiros, foi anunciada na quinta-feira, em pleno clima de press\u00e3o do Presidente, Donald Trump, sobre o regime de Maduro.<\/p>\n<blockquote data-type=\"articles\" data-id=\"related-article-18012910\"><p>\n              <strong>Leia tamb\u00e9m <\/strong><br \/>\n              <a href=\"https:\/\/www.jn.pt\/mundo\/artigo\/navio-de-guerra-dos-eua-chegou-a-trinidad-e-tobago-perto-da-venezuela\/18012910\" rel=\"nofollow noopener\" target=\"_blank\">Navio de guerra dos EUA chegou a Trinidad e Tobago, perto da Venezuela<\/a>\n            <\/p><\/blockquote>\n<p>Washington enviou sete navios de guerra para as Cara\u00edbas e um para o Golfo do M\u00e9xico, alegando que est\u00e3o integrados no esfor\u00e7o norte-americano contra o tr\u00e1fico de droga, de que acusa Nicol\u00e1s Maduro. Trump reconheceu na semana passada que autorizou a realiza\u00e7\u00e3o de opera\u00e7\u00f5es clandestinas da CIA na Venezuela.<\/p>\n<p>Desde o in\u00edcio de setembro, os Estados Unidos conduziram pelo menos uma dezena de ataques a\u00e9reos contra embarca\u00e7\u00f5es que apresentou como estando envolvidas no narcotr\u00e1fico, matando pelo menos 43 pessoas, segundo contas da ag\u00eancia France-Presse.<\/p>\n<p>A primeira-ministra de Trindade e Tobago, Kamla Persad-Bissessar, apoia Donald Trump e adotou desde a chegada ao poder um discurso hostil ao regime venezuelano, contra a imigra\u00e7\u00e3o e criminalidade provenientes da Venezuela.<\/p>\n","protected":false},"excerpt":{"rendered":"&#8220;A Venezuela denuncia uma provoca\u00e7\u00e3o militar de Trindade e Tobago em cooordena\u00e7\u00e3o com a CIA para provocar uma&hellip;\n","protected":false},"author":2,"featured_media":128034,"comment_status":"","ping_status":"","sticky":false,"template":"","format":"standard","meta":{"footnotes":""},"categories":[50],"tags":[27,28,413,15,16,14,25,26,21,22,62,12,13,19,20,23,24,17,18,29,30,31,3023,63,64,65],"class_list":{"0":"post-128033","1":"post","2":"type-post","3":"status-publish","4":"format-standard","5":"has-post-thumbnail","7":"category-mundo","8":"tag-breaking-news","9":"tag-breakingnews","10":"tag-eua","11":"tag-featured-news","12":"tag-featurednews","13":"tag-headlines","14":"tag-latest-news","15":"tag-latestnews","16":"tag-main-news","17":"tag-mainnews","18":"tag-mundo","19":"tag-news","20":"tag-noticias","21":"tag-noticias-principais","22":"tag-noticiasprincipais","23":"tag-principais-noticias","24":"tag-principaisnoticias","25":"tag-top-stories","26":"tag-topstories","27":"tag-ultimas","28":"tag-ultimas-noticias","29":"tag-ultimasnoticias","30":"tag-venezuela","31":"tag-world","32":"tag-world-news","33":"tag-worldnews"},"share_on_mastodon":{"url":"https:\/\/pubeurope.com\/@pt\/115445150859567019","error":""},"_links":{"self":[{"href":"https:\/\/www.europesays.com\/pt\/wp-json\/wp\/v2\/posts\/128033","targetHints":{"allow":["GET"]}}],"collection":[{"href":"https:\/\/www.europesays.com\/pt\/wp-json\/wp\/v2\/posts"}],"about":[{"href":"https:\/\/www.europesays.com\/pt\/wp-json\/wp\/v2\/types\/post"}],"author":[{"embeddable":true,"href":"https:\/\/www.europesays.com\/pt\/wp-json\/wp\/v2\/users\/2"}],"replies":[{"embeddable":true,"href":"https:\/\/www.europesays.com\/pt\/wp-json\/wp\/v2\/comments?post=128033"}],"version-history":[{"count":0,"href":"https:\/\/www.europesays.com\/pt\/wp-json\/wp\/v2\/posts\/128033\/revisions"}],"wp:featuredmedia":[{"embeddable":true,"href":"https:\/\/www.europesays.com\/pt\/wp-json\/wp\/v2\/media\/128034"}],"wp:attachment":[{"href":"https:\/\/www.europesays.com\/pt\/wp-json\/wp\/v2\/media?parent=128033"}],"wp:term":[{"taxonomy":"category","embeddable":true,"href":"https:\/\/www.europesays.com\/pt\/wp-json\/wp\/v2\/categories?post=128033"},{"taxonomy":"post_tag","embeddable":true,"href":"https:\/\/www.europesays.com\/pt\/wp-json\/wp\/v2\/tags?post=128033"}],"curies":[{"name":"wp","href":"https:\/\/api.w.org\/{rel}","templated":true}]}}