{"id":128072,"date":"2025-10-27T08:53:27","date_gmt":"2025-10-27T08:53:27","guid":{"rendered":"https:\/\/www.europesays.com\/pt\/128072\/"},"modified":"2025-10-27T08:53:27","modified_gmt":"2025-10-27T08:53:27","slug":"lidia-faz-revelacoes-sobre-estrategia-de-liliana-e-fabio","status":"publish","type":"post","link":"https:\/\/www.europesays.com\/pt\/128072\/","title":{"rendered":"L\u00eddia faz &#8220;revela\u00e7\u00f5es&#8221; sobre estrat\u00e9gia de Liliana e F\u00e1bio"},"content":{"rendered":"<p>\t\t\t\t\t\t\t\t\t\t\t\t\t\tL\u00eddia regressou ao pequeno ecr\u00e3 para repetir a experi\u00eancia enquanto comentadora, no \u201cDi\u00e1rio\u201d do Secret Story de sexta-feira, 24 de outubro.<\/p>\n<p>A jovem ex-concorrente acabou por deixar os colegas de painel e o pr\u00f3prio apresentador, Nuno Eir\u00f3, de boca aberta, com uma revela\u00e7\u00e3o.<\/p>\n<p>L\u00eddia come\u00e7ou por contar: <strong>\u201cO meu amigo Sandro est\u00e1 muito focado c\u00e1 fora em juntar o Z\u00e9 e a Liliana. Portanto, se eles n\u00e3o resultarem at\u00e9 ao fim, eu acredito que\u2026\u201d<\/strong>.<\/p>\n<p>A ex-concorrente adiantou:<strong> \u201cEle pr\u00f3prio j\u00e1 admitiu que entre F\u00e1bio, Liliana e Sandro era tudo combinado c\u00e1 fora e que agora o objetivo era<\/strong> <strong>junt\u00e1-la ao Z\u00e9\u201d.<\/strong><\/p>\n<p><strong>\u201c\u00c9 tudo jogo l\u00e1 dentro\u201d<\/strong> \u2013 afirmou ainda.<\/p>\n<p><a href=\"https:\/\/tvi.iol.pt\/secretstory\/videos\/sandro-quer-juntar-liliana-e-ze-lidia-conta-tudo-em-direto\/68fbbd180cf285ab53a6b95c\" rel=\"nofollow noopener\" target=\"_blank\">Veja o v\u00eddeo aqui.<\/a><\/p>\n","protected":false},"excerpt":{"rendered":"L\u00eddia regressou ao pequeno ecr\u00e3 para repetir a experi\u00eancia enquanto comentadora, no \u201cDi\u00e1rio\u201d do Secret Story de sexta-feira,&hellip;\n","protected":false},"author":2,"featured_media":128073,"comment_status":"","ping_status":"","sticky":false,"template":"","format":"standard","meta":{"footnotes":""},"categories":[142],"tags":[2632,114,115,24621,19044,19016,32,33,19064,16686,151,162,24623],"class_list":{"0":"post-128072","1":"post","2":"type-post","3":"status-publish","4":"format-standard","5":"has-post-thumbnail","7":"category-tv","8":"tag-casa-dos-segredos","9":"tag-entertainment","10":"tag-entretenimento","11":"tag-fu00e1bio","12":"tag-lidia","13":"tag-liliana","14":"tag-portugal","15":"tag-pt","16":"tag-sandro","17":"tag-secret-story-9","18":"tag-tv","19":"tag-tvi","20":"tag-zu00e9"},"share_on_mastodon":{"url":"https:\/\/pubeurope.com\/@pt\/115445288342921767","error":""},"_links":{"self":[{"href":"https:\/\/www.europesays.com\/pt\/wp-json\/wp\/v2\/posts\/128072","targetHints":{"allow":["GET"]}}],"collection":[{"href":"https:\/\/www.europesays.com\/pt\/wp-json\/wp\/v2\/posts"}],"about":[{"href":"https:\/\/www.europesays.com\/pt\/wp-json\/wp\/v2\/types\/post"}],"author":[{"embeddable":true,"href":"https:\/\/www.europesays.com\/pt\/wp-json\/wp\/v2\/users\/2"}],"replies":[{"embeddable":true,"href":"https:\/\/www.europesays.com\/pt\/wp-json\/wp\/v2\/comments?post=128072"}],"version-history":[{"count":0,"href":"https:\/\/www.europesays.com\/pt\/wp-json\/wp\/v2\/posts\/128072\/revisions"}],"wp:featuredmedia":[{"embeddable":true,"href":"https:\/\/www.europesays.com\/pt\/wp-json\/wp\/v2\/media\/128073"}],"wp:attachment":[{"href":"https:\/\/www.europesays.com\/pt\/wp-json\/wp\/v2\/media?parent=128072"}],"wp:term":[{"taxonomy":"category","embeddable":true,"href":"https:\/\/www.europesays.com\/pt\/wp-json\/wp\/v2\/categories?post=128072"},{"taxonomy":"post_tag","embeddable":true,"href":"https:\/\/www.europesays.com\/pt\/wp-json\/wp\/v2\/tags?post=128072"}],"curies":[{"name":"wp","href":"https:\/\/api.w.org\/{rel}","templated":true}]}}