{"id":128080,"date":"2025-10-27T09:00:34","date_gmt":"2025-10-27T09:00:34","guid":{"rendered":"https:\/\/www.europesays.com\/pt\/128080\/"},"modified":"2025-10-27T09:00:34","modified_gmt":"2025-10-27T09:00:34","slug":"cabo-verde-mais-caro-e-mais-procurado","status":"publish","type":"post","link":"https:\/\/www.europesays.com\/pt\/128080\/","title":{"rendered":"Cabo Verde mais caro e mais procurado"},"content":{"rendered":"<p data-remotead-prev-elm=\"true\" data-remotead-elm-id=\"inread\">O an\u00fancio foi feito pelo Instituto Nacional de Estat\u00edstica (INE) do arquip\u00e9lago de l\u00edngua portuguesa.<\/p>\n<p>O n\u00famero de visitantes em Cabo Verde tem subido anualmente. Em 2024, o pa\u00eds bateu novo recorde com 1,2 milh\u00f5es de h\u00f3spedes, refletindo a sua inclus\u00e3o num n\u00famero crescente de rotas de companhias a\u00e9reas de baixo custo.<\/p>\n<p>&#8220;Em quase todas as ilhas registaram-se aumentos de pre\u00e7os relacionados com alojamento e restaura\u00e7\u00e3o&#8221;, explicou o INE.<\/p>\n<p data-remotead-prev-elm=\"true\" data-remotead-elm-id=\"centro1\">Servi\u00e7os como aluguer de viaturas, entretenimento e cultura quase n\u00e3o tiveram altera\u00e7\u00f5es, l\u00ea-se no boletim sobre o \u00cdndice de Pre\u00e7os Tur\u00edsticos (IPT).<\/p>\n<p>O setor do turismo \u00e9 uma das principais fontes de riqueza de Cabo Verde, representando cerca de 25% do Produto Interno Bruto (PIB), com maior concentra\u00e7\u00e3o nas ilhas do Sal e da Boa Vista.<\/p>\n<p>O IPT \u00e9 um indicador que visa medir a evolu\u00e7\u00e3o de um conjunto de bens e servi\u00e7os considerados representativos da estrutura de consumo dos turistas.<\/p>\n","protected":false},"excerpt":{"rendered":"O an\u00fancio foi feito pelo Instituto Nacional de Estat\u00edstica (INE) do arquip\u00e9lago de l\u00edngua portuguesa. O n\u00famero de&hellip;\n","protected":false},"author":2,"featured_media":128081,"comment_status":"","ping_status":"","sticky":false,"template":"","format":"standard","meta":{"footnotes":""},"categories":[83],"tags":[88,2714,89,90,32,33,1456,20007],"class_list":{"0":"post-128080","1":"post","2":"type-post","3":"status-publish","4":"format-standard","5":"has-post-thumbnail","7":"category-empresas","8":"tag-business","9":"tag-cabo-verde","10":"tag-economy","11":"tag-empresas","12":"tag-portugal","13":"tag-pt","14":"tag-turismo","15":"tag-volta-ao-mundo-destinos"},"share_on_mastodon":{"url":"https:\/\/pubeurope.com\/@pt\/115445316367753778","error":""},"_links":{"self":[{"href":"https:\/\/www.europesays.com\/pt\/wp-json\/wp\/v2\/posts\/128080","targetHints":{"allow":["GET"]}}],"collection":[{"href":"https:\/\/www.europesays.com\/pt\/wp-json\/wp\/v2\/posts"}],"about":[{"href":"https:\/\/www.europesays.com\/pt\/wp-json\/wp\/v2\/types\/post"}],"author":[{"embeddable":true,"href":"https:\/\/www.europesays.com\/pt\/wp-json\/wp\/v2\/users\/2"}],"replies":[{"embeddable":true,"href":"https:\/\/www.europesays.com\/pt\/wp-json\/wp\/v2\/comments?post=128080"}],"version-history":[{"count":0,"href":"https:\/\/www.europesays.com\/pt\/wp-json\/wp\/v2\/posts\/128080\/revisions"}],"wp:featuredmedia":[{"embeddable":true,"href":"https:\/\/www.europesays.com\/pt\/wp-json\/wp\/v2\/media\/128081"}],"wp:attachment":[{"href":"https:\/\/www.europesays.com\/pt\/wp-json\/wp\/v2\/media?parent=128080"}],"wp:term":[{"taxonomy":"category","embeddable":true,"href":"https:\/\/www.europesays.com\/pt\/wp-json\/wp\/v2\/categories?post=128080"},{"taxonomy":"post_tag","embeddable":true,"href":"https:\/\/www.europesays.com\/pt\/wp-json\/wp\/v2\/tags?post=128080"}],"curies":[{"name":"wp","href":"https:\/\/api.w.org\/{rel}","templated":true}]}}