{"id":128082,"date":"2025-10-27T09:01:38","date_gmt":"2025-10-27T09:01:38","guid":{"rendered":"https:\/\/www.europesays.com\/pt\/128082\/"},"modified":"2025-10-27T09:01:38","modified_gmt":"2025-10-27T09:01:38","slug":"solucao-diplomatica-para-por-fim-a-guerra-na-ucrania-a-vista-diz-enviado-russo","status":"publish","type":"post","link":"https:\/\/www.europesays.com\/pt\/128082\/","title":{"rendered":"\u201cSolu\u00e7\u00e3o diplom\u00e1tica\u201d para p\u00f4r fim \u00e0 guerra na Ucr\u00e2nia \u00e0 vista, diz enviado russo"},"content":{"rendered":"<p class=\"wp-caption-text top\"><a href=\"https:\/\/commons.wikimedia.org\/wiki\/File:Kirill_Dmitriev_2025-05-13_(cropped).jpg\" rel=\"nofollow external noopener noreferrer\" data-wpel-link=\"external\" target=\"_blank\" class=\"ext-link\">Kremlin \/ Wikipedia<\/a><\/p>\n<p><img decoding=\"async\" loading=\"lazy\" class=\"size-kopa-image-size-3 wp-image-707965\" src=\"https:\/\/www.europesays.com\/pt\/wp-content\/uploads\/2025\/10\/c4ca4238a0b923820dcc509a6f75849b-5-783x450.jpg\" alt=\"\" width=\"700\" height=\"402\"  \/><\/p>\n<p class=\"wp-caption-text bot\">Kirill Dmitriev, representante presidencial especial de Vladimir Putin para o investimento e a coopera\u00e7\u00e3o econ\u00f3mica<\/p>\n<p><strong>A afirma\u00e7\u00e3o \u00e9 de Kirill Dmitriev, representante especial do presidente Putin, que dever\u00e1 reunir-se no s\u00e1bado, na Florida, com o enviado de Donald Trump, Steve Witkoff. Zelenskyy disse na quarta-feira considerou que congelar o conflito ao longo das actuais linhas da frente \u201c\u00e9 um bom compromisso\u201d.<br \/><\/strong><\/p>\n<p>A Ucr\u00e2nia, a R\u00fassia e os Estados Unidos est\u00e3o \u201cbastante pr\u00f3ximos\u201d de alcan\u00e7ar um acordo que ponha <strong>fim \u00e0 guerra na Ucr\u00e2nia<\/strong>, afirmou um alto respons\u00e1vel russo, citado pelo <a href=\"https:\/\/www.politico.eu\/article\/diplomatic-solution-end-war-ukraine-russia-envoy-kirill-dmitriev\" data-wpel-link=\"external\" target=\"_blank\" rel=\"nofollow external noopener noreferrer\" class=\"ext-link\">Politico<\/a>.<\/p>\n<p>Estas declara\u00e7\u00f5es foram proferidas na sexta-feira por <strong>Kirill Dmitriev<\/strong>, representante presidencial especial de <strong>Vladimir Putin<\/strong> para o investimento e a coopera\u00e7\u00e3o econ\u00f3mica, na sequ\u00eancia das palavras do presidente ucraniano <strong>Volodymyr Zelenskyy<\/strong>, que na quarta-feira considerou que congelar o conflito ao longo das actuais linhas da frente \u201c<strong>\u00e9 um bom compromisso<\/strong>\u201d.<\/p>\n<p>Em declara\u00e7\u00f5es \u00e0 CNN, Dmitriev afirmou que \u201c<strong>\u00e9 um grande passo<\/strong> do presidente Zelenskyy reconhecer j\u00e1 que a quest\u00e3o se centra nas linhas de combate\u201d.<\/p>\n<p>\u201cSabem, a posi\u00e7\u00e3o anterior de Volodymyr Zelenskyy era a de que a R\u00fassia deveria <strong>retirar-se completamente<\/strong>. Portanto, na verdade, creio que estamos razoavelmente <strong>pr\u00f3ximos de uma solu\u00e7\u00e3o diplom\u00e1tica que possa ser concretizada<\/strong>\u201d, acrescentou o respons\u00e1vel russo.<\/p>\n<p>Contudo, a<strong> Ucr\u00e2nia e os seus aliados europeus<\/strong> alertaram tamb\u00e9m na sexta-feira que \u201c<strong>as fronteiras n\u00e3o devem ser alteradas pela for\u00e7a<\/strong>\u201d. Moscovo tem exigido que a Ucr\u00e2nia ceda mais territ\u00f3rio antes de aceitar um cessar-fogo.<\/p>\n<p>Dmitriev dever\u00e1 reunir-se no s\u00e1bado, na Florida, com o enviado do presidente norte-americano Donald Trump, <strong>Steve Witkoff<\/strong>, para discutir uma solu\u00e7\u00e3o para o conflito. Prev\u00ea-se igualmente um segundo encontro entre Trump e o presidente russo Vladimir Putin, possivelmente durante uma cimeira em Budapeste.<\/p>\n<p class=\"wp-caption-text top\"><a href=\"https:\/\/commons.wikimedia.org\/wiki\/File:Steven_Witkoff_and_Kirill_Dmitriev.jpg\" rel=\"nofollow external noopener noreferrer\" data-wpel-link=\"external\" target=\"_blank\" class=\"ext-link\">Kremlin \/ Wikipedia<\/a><\/p>\n<p><img decoding=\"async\" loading=\"lazy\" class=\"size-kopa-image-size-3 wp-image-707967\" src=\"https:\/\/www.europesays.com\/pt\/wp-content\/uploads\/2025\/10\/338a47eb5999d866c775c8a801056a37-783x450.jpg\" alt=\"\" width=\"700\" height=\"402\"  \/><\/p>\n<p class=\"wp-caption-text bot\">Kirill Dmitriev, representante presidencial especial de Vladimir Putin para o investimento e a coopera\u00e7\u00e3o econ\u00f3mica (esq) com Steve Witkoff, enviado de especial de Donald Trump (dir)<\/p>\n<p>O primeiro-ministro h\u00fangaro, <strong>Viktor Orb\u00e1n<\/strong>, que dever\u00e1 acolher as conversa\u00e7\u00f5es, afirmou este s\u00e1bado que a reuni\u00e3o \u201cn\u00e3o foi retirada da agenda\u201d. \u201cO calend\u00e1rio \u00e9 incerto, mas <strong>o encontro vai acontecer<\/strong>\u201d, disse Orb\u00e1n.<\/p>\n<p>Entretanto, os <strong>ataques russos contra a Ucr\u00e2nia prosseguem<\/strong>. Duas pessoas morreram e 13 ficaram feridas em bombardeamentos sobre Kiev na noite de sexta-feira, noticiou a Reuters.<\/p>\n<p>    <a href=\"https:\/\/zap.aeiou.pt\/subscrever-newsletter\" data-wpel-link=\"internal\" rel=\"nofollow noopener\" target=\"_blank\">&#13;<br \/>\n        <img loading=\"lazy\" decoding=\"async\" class=\"aligncenter size-full wp-image-575475\" src=\"https:\/\/www.europesays.com\/pt\/wp-content\/uploads\/2025\/10\/1759862234_971_2d51fe4a0ba54894421ead1809309ed9-1-450x140.jpg\" alt=\"Subscreva a Newsletter ZAP\" width=\"450\" height=\"140\"\/>&#13;<br \/>\n    <\/a><\/p>\n<p>                <a href=\"https:\/\/whatsapp.com\/channel\/0029VaIC4EE2f3EJZPPSbR34\" data-wpel-link=\"external\" target=\"_blank\" rel=\"nofollow external noopener noreferrer\" class=\"ext-link\">&#13;<br \/>\n                    <img loading=\"lazy\" decoding=\"async\" class=\"aligncenter size-full wp-image-575475\" src=\"https:\/\/www.europesays.com\/pt\/wp-content\/uploads\/2025\/10\/1759862234_512_c68c559d956d4ca20f435ed74a6e71e6.png\" alt=\"Siga-nos no WhatsApp\" width=\"175\" height=\"64\"\/>&#13;<br \/>\n                <\/a><\/p>\n<p>                <a href=\"https:\/\/news.google.com\/publications\/CAAiEHRwZondIV71PDjWNoqMduEqFAgKIhB0cGaJ3SFe9Tw41jaKjHbh?hl=en-US&amp;gl=US&amp;ceid=US%3Aen\" data-wpel-link=\"external\" target=\"_blank\" rel=\"nofollow external noopener noreferrer\" class=\"ext-link\">&#13;<br \/>\n                    <img loading=\"lazy\" decoding=\"async\" class=\"aligncenter size-full wp-image-575475\" src=\"https:\/\/www.europesays.com\/pt\/wp-content\/uploads\/2025\/10\/1759862235_242_5123dd8b087b644fdb8f8603acd1bad4.png\" alt=\"Siga-nos no Google News\" width=\"176\" height=\"64\"\/>&#13;<br \/>\n                <\/a><\/p>\n","protected":false},"excerpt":{"rendered":"Kremlin \/ Wikipedia Kirill Dmitriev, representante presidencial especial de Vladimir Putin para o investimento e a coopera\u00e7\u00e3o econ\u00f3mica&hellip;\n","protected":false},"author":2,"featured_media":128083,"comment_status":"","ping_status":"","sticky":false,"template":"","format":"standard","meta":{"footnotes":""},"categories":[50],"tags":[27,28,637,15,16,830,14,25,26,21,22,62,12,13,19,20,23,24,839,17,18,840,29,30,31,63,64,65],"class_list":{"0":"post-128082","1":"post","2":"type-post","3":"status-publish","4":"format-standard","5":"has-post-thumbnail","7":"category-mundo","8":"tag-breaking-news","9":"tag-breakingnews","10":"tag-diplomacia","11":"tag-featured-news","12":"tag-featurednews","13":"tag-guerra","14":"tag-headlines","15":"tag-latest-news","16":"tag-latestnews","17":"tag-main-news","18":"tag-mainnews","19":"tag-mundo","20":"tag-news","21":"tag-noticias","22":"tag-noticias-principais","23":"tag-noticiasprincipais","24":"tag-principais-noticias","25":"tag-principaisnoticias","26":"tag-russia","27":"tag-top-stories","28":"tag-topstories","29":"tag-ucrania","30":"tag-ultimas","31":"tag-ultimas-noticias","32":"tag-ultimasnoticias","33":"tag-world","34":"tag-world-news","35":"tag-worldnews"},"share_on_mastodon":{"url":"https:\/\/pubeurope.com\/@pt\/115445320480772534","error":""},"_links":{"self":[{"href":"https:\/\/www.europesays.com\/pt\/wp-json\/wp\/v2\/posts\/128082","targetHints":{"allow":["GET"]}}],"collection":[{"href":"https:\/\/www.europesays.com\/pt\/wp-json\/wp\/v2\/posts"}],"about":[{"href":"https:\/\/www.europesays.com\/pt\/wp-json\/wp\/v2\/types\/post"}],"author":[{"embeddable":true,"href":"https:\/\/www.europesays.com\/pt\/wp-json\/wp\/v2\/users\/2"}],"replies":[{"embeddable":true,"href":"https:\/\/www.europesays.com\/pt\/wp-json\/wp\/v2\/comments?post=128082"}],"version-history":[{"count":0,"href":"https:\/\/www.europesays.com\/pt\/wp-json\/wp\/v2\/posts\/128082\/revisions"}],"wp:featuredmedia":[{"embeddable":true,"href":"https:\/\/www.europesays.com\/pt\/wp-json\/wp\/v2\/media\/128083"}],"wp:attachment":[{"href":"https:\/\/www.europesays.com\/pt\/wp-json\/wp\/v2\/media?parent=128082"}],"wp:term":[{"taxonomy":"category","embeddable":true,"href":"https:\/\/www.europesays.com\/pt\/wp-json\/wp\/v2\/categories?post=128082"},{"taxonomy":"post_tag","embeddable":true,"href":"https:\/\/www.europesays.com\/pt\/wp-json\/wp\/v2\/tags?post=128082"}],"curies":[{"name":"wp","href":"https:\/\/api.w.org\/{rel}","templated":true}]}}