{"id":128086,"date":"2025-10-27T09:08:19","date_gmt":"2025-10-27T09:08:19","guid":{"rendered":"https:\/\/www.europesays.com\/pt\/128086\/"},"modified":"2025-10-27T09:08:19","modified_gmt":"2025-10-27T09:08:19","slug":"katy-perry-e-justin-trudeau-aparecem-de-maos-dadas-e-confirmam-rumores-de-relacao-celebridades","status":"publish","type":"post","link":"https:\/\/www.europesays.com\/pt\/128086\/","title":{"rendered":"Katy Perry e Justin Trudeau aparecem de m\u00e3os dadas e confirmam rumores de rela\u00e7\u00e3o | Celebridades"},"content":{"rendered":"<p>Katy Perry e Justin Trudeau s\u00e3o mesmo um casal. Os rumores foram confirmados este s\u00e1bado, depois de terem aparecido de m\u00e3os dadas no anivers\u00e1rio da cantora, que celebrou 41 anos.<\/p>\n<p>Os dois foram vistos \u00e0 sa\u00edda de um espect\u00e1culo de cabaret, em Paris, e um v\u00eddeo captado pelo TMZ mostra-os de m\u00e3os dadas a dirigirem-se a um carro, enquanto fot\u00f3grafos e f\u00e3s cantavam os parab\u00e9ns \u00e0 artista. Uma f\u00e3 ofereceu-lhe uma rosa.<\/p>\n<p>        &#13;<br \/>\n            &#13;<\/p>\n<p>Katy Perry, que tem presen\u00e7a marcada no Rock in Rio Lisboa em 2026, e o ex-primeiro-ministro canadiano j\u00e1 tinham sido fotografados aos beijos num iate perto de Santa Barbara, na Calif\u00f3rnia, no final de Setembro. Antes, Trudeau tinha sido visto num concerto da cantora em Montreal, no Canad\u00e1. <a href=\"https:\/\/www.publico.pt\/2025\/07\/30\/impar\/noticia\/pamela-anderson-tom-cruise-tres-amores-rumores-verao-2142326\" rel=\"nofollow noopener\" target=\"_blank\">Por essa altura<\/a>, foram fotografados a jantar no restaurante de fine dining Le Violon.<\/p>\n<p>Katy Perry <a href=\"https:\/\/www.publico.pt\/2025\/07\/04\/impar\/noticia\/katy-perry-orlando-bloom-confirmam-estao-separados-2138960\" rel=\"nofollow noopener\" target=\"_blank\">separou-se<\/a> do actor Orlando Bloom em Junho \u00faltimo. Justin Trudeau divorciou-se de Sophie Greg\u00f3ire, m\u00e3e dos seus tr\u00eas filhos e com quem foi casado durante 18 anos, em 2023.<\/p>\n","protected":false},"excerpt":{"rendered":"Katy Perry e Justin Trudeau s\u00e3o mesmo um casal. Os rumores foram confirmados este s\u00e1bado, depois de terem&hellip;\n","protected":false},"author":2,"featured_media":128087,"comment_status":"","ping_status":"","sticky":false,"template":"","format":"standard","meta":{"footnotes":""},"categories":[8],"tags":[27,28,211,15,16,14,708,3817,568,25,26,21,22,150,12,13,19,20,542,712,32,23,24,33,17,18,29,30,31],"class_list":{"0":"post-128086","1":"post","2":"type-post","3":"status-publish","4":"format-standard","5":"has-post-thumbnail","7":"category-principais-noticias","8":"tag-breaking-news","9":"tag-breakingnews","10":"tag-celebridades","11":"tag-featured-news","12":"tag-featurednews","13":"tag-headlines","14":"tag-impar","15":"tag-justin-trudeau","16":"tag-katy-perry","17":"tag-latest-news","18":"tag-latestnews","19":"tag-main-news","20":"tag-mainnews","21":"tag-musica","22":"tag-news","23":"tag-noticias","24":"tag-noticias-principais","25":"tag-noticiasprincipais","26":"tag-para-redes","27":"tag-pessoas","28":"tag-portugal","29":"tag-principais-noticias","30":"tag-principaisnoticias","31":"tag-pt","32":"tag-top-stories","33":"tag-topstories","34":"tag-ultimas","35":"tag-ultimas-noticias","36":"tag-ultimasnoticias"},"share_on_mastodon":{"url":"https:\/\/pubeurope.com\/@pt\/115445347719697262","error":""},"_links":{"self":[{"href":"https:\/\/www.europesays.com\/pt\/wp-json\/wp\/v2\/posts\/128086","targetHints":{"allow":["GET"]}}],"collection":[{"href":"https:\/\/www.europesays.com\/pt\/wp-json\/wp\/v2\/posts"}],"about":[{"href":"https:\/\/www.europesays.com\/pt\/wp-json\/wp\/v2\/types\/post"}],"author":[{"embeddable":true,"href":"https:\/\/www.europesays.com\/pt\/wp-json\/wp\/v2\/users\/2"}],"replies":[{"embeddable":true,"href":"https:\/\/www.europesays.com\/pt\/wp-json\/wp\/v2\/comments?post=128086"}],"version-history":[{"count":0,"href":"https:\/\/www.europesays.com\/pt\/wp-json\/wp\/v2\/posts\/128086\/revisions"}],"wp:featuredmedia":[{"embeddable":true,"href":"https:\/\/www.europesays.com\/pt\/wp-json\/wp\/v2\/media\/128087"}],"wp:attachment":[{"href":"https:\/\/www.europesays.com\/pt\/wp-json\/wp\/v2\/media?parent=128086"}],"wp:term":[{"taxonomy":"category","embeddable":true,"href":"https:\/\/www.europesays.com\/pt\/wp-json\/wp\/v2\/categories?post=128086"},{"taxonomy":"post_tag","embeddable":true,"href":"https:\/\/www.europesays.com\/pt\/wp-json\/wp\/v2\/tags?post=128086"}],"curies":[{"name":"wp","href":"https:\/\/api.w.org\/{rel}","templated":true}]}}