{"id":128088,"date":"2025-10-27T09:09:19","date_gmt":"2025-10-27T09:09:19","guid":{"rendered":"https:\/\/www.europesays.com\/pt\/128088\/"},"modified":"2025-10-27T09:09:19","modified_gmt":"2025-10-27T09:09:19","slug":"vanessa-rios-cantora-do-capim-com-mel-morre-aos-42-anos-r7-entretenimento","status":"publish","type":"post","link":"https:\/\/www.europesays.com\/pt\/128088\/","title":{"rendered":"Vanessa Rios, cantora do Capim com Mel, morre aos 42 anos \u2013 R7 Entretenimento"},"content":{"rendered":"<p>LEIA AQUI O RESUMO DA NOT\u00cdCIA<\/p>\n<ul class=\"b-article-body-custom-embed-brief-news__list\" style=\"margin: 0; padding-left: 20px; list-style-type: disc;\">\n<li>Vanessa Rios, cantora do Capim com Mel, faleceu aos 42 anos.<\/li>\n<li>A morte foi confirmada pela banda em seu perfil oficial no Instagram.<\/li>\n<li>Ela lutava contra um c\u00e2ncer de pulm\u00e3o diagnosticado em 2023.<\/li>\n<li>Vanessa come\u00e7ou a carreira em outras bandas antes de se tornar vocalista do Capim com Mel.<\/li>\n<\/ul>\n<p style=\"font-size: 0.8em; font-style: italic; text-align: right; margin-top: 15px; padding-bottom: 5px; margin-bottom: 0;\">Produzido pela Ri7a &#8211; a Intelig\u00eancia Artificial do R7<\/p>\n<p><img decoding=\"async\" data-chromatic=\"ignore\" alt=\"\" class=\"c-image\" loading=\"lazy\" src=\"https:\/\/www.europesays.com\/pt\/wp-content\/uploads\/2025\/10\/VZM5RKTFBFC7HIAFM7QMZNTP2U.jpg\"  width=\"1400\" height=\"762\"\/>Vanessa Rios, que morreu aos 42 anos, enfrentava um c\u00e2ncer de pulm\u00e3o Reprodu\u00e7\u00e3o\/Instagram\/@vanessariosoficial <\/p>\n<p class=\"jarvics:base-text-neutral-high-400 base-text-[calc(theme(fontSize.xs)_*_var(--font-size,_1))] base-font-normal base-font-primary base-text-neutral-low-500 base-text-left\">Vanessa Rios, cantora do grupo de forr\u00f3 Capim com Mel, <a href=\"https:\/\/www.r7.com\/tudo-sobre\/morte\/\" target=\"_self\" rel=\"nofollow noopener\" title=\"https:\/\/www.r7.com\/tudo-sobre\/morte\/\">morreu<\/a> neste domingo (26), aos 42 anos. A informa\u00e7\u00e3o foi confirmada no perfil oficial da banda no Instagram. A artista vinha passando por tratamento contra um <a href=\"https:\/\/www.r7.com\/tudo-sobre\/cancer\/\" target=\"_self\" rel=\"nofollow noopener\" title=\"https:\/\/www.r7.com\/tudo-sobre\/cancer\/\">c\u00e2ncer<\/a> de pulm\u00e3o diagnosticado em 2023.<\/p>\n<p class=\"jarvics:base-text-neutral-high-400 base-text-[calc(theme(fontSize.xs)_*_var(--font-size,_1))] base-font-normal base-font-primary base-text-neutral-low-500 base-text-left\">\u201cEm nome da fam\u00edlia Capim com Mel agradecemos pelo profissionalismo, dedica\u00e7\u00e3o e legado deixado. Descanse em paz, Vanessa Rios!\u201d, consta no comunicado.<\/p>\n<p>Quem \u00e9 Vanessa Rios, vocalista do Capim com Mel<\/p>\n<p class=\"jarvics:base-text-neutral-high-400 base-text-[calc(theme(fontSize.xs)_*_var(--font-size,_1))] base-font-normal base-font-primary base-text-neutral-low-500 base-text-left\">A cantora cantou pelo Forr\u00f3 do Mu\u00eddo e pela Banda Boa Toda no in\u00edcio de sua carreira. Em seguida, venceu um concurso para se tornar a vocalista da Banda Kitara, em 2014. Depois, passou a integrar o Capim com Mel.<\/p>\n<p class=\"jarvics:base-text-neutral-high-400 base-text-[calc(theme(fontSize.xs)_*_var(--font-size,_1))] base-font-normal base-font-primary base-text-neutral-low-500 base-text-left\">Segundo reportagem exibida no \u00faltimo m\u00eas de junho pela TV Jornal, afiliada do SBT, Vanessa foi diagnosticada com c\u00e2ncer em 2023, mais especificamente um sarcoma sinovial pulmonar.<\/p>\n<p class=\"jarvics:base-text-neutral-high-400 base-text-[calc(theme(fontSize.xs)_*_var(--font-size,_1))] base-font-normal base-font-primary base-text-neutral-low-500 base-text-left\">Ela chegou a conciliar o tratamento com a carreira de cantora e at\u00e9 se apresentou logo ap\u00f3s uma sess\u00e3o de quimioterapia. Com o tempo, por\u00e9m, precisou se afastar dos palcos.<\/p>\n<p class=\"jarvics:base-text-neutral-high-400 base-text-[calc(theme(fontSize.xs)_*_var(--font-size,_1))] base-font-normal base-font-primary base-text-neutral-low-500 base-text-left\"><b>Para saber tudo do mundo dos famosos, <\/b><a href=\"https:\/\/whatsapp.com\/channel\/0029Va9UfKcHQbRyCyhPt71R\" rel=\"nofollow noopener\" target=\"_blank\"><b>siga o canal de entretenimento do R7<\/b><\/a><b>, o portal de not\u00edcias da RECORD, no WhatsApp<\/b><\/p>\n","protected":false},"excerpt":{"rendered":"LEIA AQUI O RESUMO DA NOT\u00cdCIA Vanessa Rios, cantora do Capim com Mel, faleceu aos 42 anos. A&hellip;\n","protected":false},"author":2,"featured_media":128089,"comment_status":"","ping_status":"","sticky":false,"template":"","format":"standard","meta":{"footnotes":""},"categories":[145],"tags":[211,210,114,115,980,1437,150,32,33,151],"class_list":{"0":"post-128088","1":"post","2":"type-post","3":"status-publish","4":"format-standard","5":"has-post-thumbnail","7":"category-celebridades","8":"tag-celebridades","9":"tag-celebrities","10":"tag-entertainment","11":"tag-entretenimento","12":"tag-famosos","13":"tag-morte","14":"tag-musica","15":"tag-portugal","16":"tag-pt","17":"tag-tv"},"share_on_mastodon":{"url":"https:\/\/pubeurope.com\/@pt\/115445351514624731","error":""},"_links":{"self":[{"href":"https:\/\/www.europesays.com\/pt\/wp-json\/wp\/v2\/posts\/128088","targetHints":{"allow":["GET"]}}],"collection":[{"href":"https:\/\/www.europesays.com\/pt\/wp-json\/wp\/v2\/posts"}],"about":[{"href":"https:\/\/www.europesays.com\/pt\/wp-json\/wp\/v2\/types\/post"}],"author":[{"embeddable":true,"href":"https:\/\/www.europesays.com\/pt\/wp-json\/wp\/v2\/users\/2"}],"replies":[{"embeddable":true,"href":"https:\/\/www.europesays.com\/pt\/wp-json\/wp\/v2\/comments?post=128088"}],"version-history":[{"count":0,"href":"https:\/\/www.europesays.com\/pt\/wp-json\/wp\/v2\/posts\/128088\/revisions"}],"wp:featuredmedia":[{"embeddable":true,"href":"https:\/\/www.europesays.com\/pt\/wp-json\/wp\/v2\/media\/128089"}],"wp:attachment":[{"href":"https:\/\/www.europesays.com\/pt\/wp-json\/wp\/v2\/media?parent=128088"}],"wp:term":[{"taxonomy":"category","embeddable":true,"href":"https:\/\/www.europesays.com\/pt\/wp-json\/wp\/v2\/categories?post=128088"},{"taxonomy":"post_tag","embeddable":true,"href":"https:\/\/www.europesays.com\/pt\/wp-json\/wp\/v2\/tags?post=128088"}],"curies":[{"name":"wp","href":"https:\/\/api.w.org\/{rel}","templated":true}]}}