{"id":128119,"date":"2025-10-27T09:43:18","date_gmt":"2025-10-27T09:43:18","guid":{"rendered":"https:\/\/www.europesays.com\/pt\/128119\/"},"modified":"2025-10-27T09:43:18","modified_gmt":"2025-10-27T09:43:18","slug":"guerreiros-esfomeados-devoram-gansos-jornal-de-noticias","status":"publish","type":"post","link":"https:\/\/www.europesays.com\/pt\/128119\/","title":{"rendered":"Guerreiros esfomeados devoram gansos &#8211; Jornal de Not\u00edcias"},"content":{"rendered":"<ol>\n<li><a href=\"https:\/\/news.google.com\/rss\/articles\/CBMihgFBVV95cUxNeXdONjdHejNaRUJCRFJZeU1vVjVqVnJqamNiaURjVWJPaS1ra0hwZ1J3SXNjU1FTM3VJVW42SE9SenptQ0NHaE1lUXAtRTc4WWcwTDVzaUFGaDN1QTk2SGwzUHFLOExEVWpfTmFCTTFPMFJfMVNBWFB2TFE2RlVkcmlNY3FhQdIBdkFVX3lxTE1QbG1BdDBIeVd5S1ZzOXFIZTl1T25GMjNlOFZWVFAwTHRtWEpRaFRKc1NIMVVoMWxXdlk0bGExc2Zpb2hNRk0xZVFvVHpuX2ZNZ1BLVzExWnRORjJMb0Z2ZTk0aGF2RlBTSkxyTFRiQWJqV1NDbFE?oc=5\" target=\"_blank\" rel=\"nofollow noopener\">Guerreiros esfomeados devoram gansos<\/a>&nbsp;&nbsp;Jornal de Not\u00edcias<\/li>\n<li><a href=\"https:\/\/news.google.com\/rss\/articles\/CBMimgFBVV95cUxQWFlBWWhVc3ZvUFBXbjhraFJ2dEJCTDJqeVVpR2lUcmc5NFh6ekdHOGwtNko1VEJUdFBDQ2hjOEVmNHdreExQaE96YTRNc0ZZMm8xc1hwTTZ3MU1mc1o1SWdIU0FvZG1hT2VNSVBFOUZkUi0za2NuVE1aRzJmVE1SSWQwYXlzbFlZTGJqRVJXUWR0b0R1T2hDRzF3?oc=5\" target=\"_blank\" rel=\"nofollow noopener\">I Liga. Braga recebeu e venceu o Casa Pia por 4-0<\/a>&nbsp;&nbsp;RTP<\/li>\n<li><a href=\"https:\/\/news.google.com\/rss\/articles\/CBMivgFBVV95cUxNdmNzVTEwdTNmZ2NSdFpVYlZNR2ZZaXJMeXVBekNUTHpTclhfS3lwTVoxdm9SS0RieEdRVERHNlNmTk81dWU1TnJPdXVzM3BfaVVkMjRDdV9LQVFsWHUteV9KZGdYejlEdHJWYmxBRnVNckRqUmZxcjVSYUFBX0M4NE0wWm9KMFpQbXBmNHlXLXkyQ1BLSG1xOUtEZ3Jlc3E0S3VjN1F4YUs3UUxDZ0xUMnRTWWVaVjgzVjhYNUx3?oc=5\" target=\"_blank\" rel=\"nofollow noopener\">V\u00cdDEO: golo mais surreal do campeonato \u00e9 do SC Braga com brinde incr\u00edvel<\/a>&nbsp;&nbsp;A Bola<\/li>\n<li><a href=\"https:\/\/news.google.com\/rss\/articles\/CBMirwFBVV95cUxOUU9YQzJiSlFVLWt2WldhOTltWDhHSTJrWks3U1VSb21QWVVCT3lZQjl1UFoyZ2I1MS1ra1FIYVp1TjZ2M2wzUHY4VmdsMmRRRGNEelVsNFM4QllqaUxscldyMXVsNmtIZGpFWF9mUEl5NVlCWHdleDlBTWhhSWJmZDBkX3Qyd3N0NFRyekEwY1d6dmE2RTlVMzFCWktURzByUnYxeWhoc2MzcGhfQWRZ?oc=5\" target=\"_blank\" rel=\"nofollow noopener\">FOTOS: as melhores imagens do Sp. Braga-Casa Pia<\/a>&nbsp;&nbsp;Maisfutebol<\/li>\n<li><a href=\"https:\/\/news.google.com\/rss\/articles\/CBMiqAFBVV95cUxPUjNCdGdMN3ROR1gyV1d6LU5GYm16ZzUxc3htS0hLZ09LTjhOaXRUVnZfQUpEN0hndFNKeUh3YVpReWtsTTJPSUZmbnRaV1BWS3JPRnRwVmtJRVF5NEd4T3g5ZXh6S3M1RTMtZXVUeE1rbmQwQXBCUUx0ZmN1bmFnTzdIRVJBdmhyWmtyeUk2dEpRZ2lrV0tUZVk1T2NGNHE0ZmNyLWN6bm0?oc=5\" target=\"_blank\" rel=\"nofollow noopener\">Carlos Vicens: &#8220;Os jogadores est\u00e3o a fazer um esfor\u00e7o tit\u00e2nico&#8221;<\/a>&nbsp;&nbsp;O Jogo<\/li>\n<\/ol>\n","protected":false},"excerpt":{"rendered":"Guerreiros esfomeados devoram gansos&nbsp;&nbsp;Jornal de Not\u00edcias I Liga. Braga recebeu e venceu o Casa Pia por 4-0&nbsp;&nbsp;RTP V\u00cdDEO:&hellip;\n","protected":false},"author":2,"featured_media":128120,"comment_status":"","ping_status":"","sticky":false,"template":"","format":"standard","meta":{"footnotes":""},"categories":[87],"tags":[1912,1529,135,281,32,33,134],"class_list":{"0":"post-128119","1":"post","2":"type-post","3":"status-publish","4":"format-standard","5":"has-post-thumbnail","7":"category-desporto","8":"tag-braga","9":"tag-casa-pia","10":"tag-desporto","11":"tag-i-liga","12":"tag-portugal","13":"tag-pt","14":"tag-sports"},"share_on_mastodon":{"url":"https:\/\/pubeurope.com\/@pt\/115445485353585961","error":""},"_links":{"self":[{"href":"https:\/\/www.europesays.com\/pt\/wp-json\/wp\/v2\/posts\/128119","targetHints":{"allow":["GET"]}}],"collection":[{"href":"https:\/\/www.europesays.com\/pt\/wp-json\/wp\/v2\/posts"}],"about":[{"href":"https:\/\/www.europesays.com\/pt\/wp-json\/wp\/v2\/types\/post"}],"author":[{"embeddable":true,"href":"https:\/\/www.europesays.com\/pt\/wp-json\/wp\/v2\/users\/2"}],"replies":[{"embeddable":true,"href":"https:\/\/www.europesays.com\/pt\/wp-json\/wp\/v2\/comments?post=128119"}],"version-history":[{"count":0,"href":"https:\/\/www.europesays.com\/pt\/wp-json\/wp\/v2\/posts\/128119\/revisions"}],"wp:featuredmedia":[{"embeddable":true,"href":"https:\/\/www.europesays.com\/pt\/wp-json\/wp\/v2\/media\/128120"}],"wp:attachment":[{"href":"https:\/\/www.europesays.com\/pt\/wp-json\/wp\/v2\/media?parent=128119"}],"wp:term":[{"taxonomy":"category","embeddable":true,"href":"https:\/\/www.europesays.com\/pt\/wp-json\/wp\/v2\/categories?post=128119"},{"taxonomy":"post_tag","embeddable":true,"href":"https:\/\/www.europesays.com\/pt\/wp-json\/wp\/v2\/tags?post=128119"}],"curies":[{"name":"wp","href":"https:\/\/api.w.org\/{rel}","templated":true}]}}