{"id":128131,"date":"2025-10-27T09:52:10","date_gmt":"2025-10-27T09:52:10","guid":{"rendered":"https:\/\/www.europesays.com\/pt\/128131\/"},"modified":"2025-10-27T09:52:10","modified_gmt":"2025-10-27T09:52:10","slug":"maira-cardi-desabafa-apos-visitar-filha-na-uti-nao-consegui-ficar-essa-situacao-doi-globo","status":"publish","type":"post","link":"https:\/\/www.europesays.com\/pt\/128131\/","title":{"rendered":"Ma\u00edra Cardi desabafa ap\u00f3s visitar filha na UTI: &#039;N\u00e3o consegui ficar, essa situa\u00e7\u00e3o d\u00f3i&#039; &#8211; Globo"},"content":{"rendered":"<ol>\n<li><a href=\"https:\/\/news.google.com\/rss\/articles\/CBMi3gFBVV95cUxOYmZzc20wT3UwMkRadTdPaW01VktabV9UUXRQVGZFRjBUc2VhdkxZWXRTdjRvd1pOd3N0SXpRTjItaVlhcS1UcERDYXpsQVQ0Rk9iY0tnOTVPMlV3WEpfR2xxdTBNMWh1ZzRwdTV1LTBCX0FaNEhMNDVMNmZrYTIzOXcyYmdPamFqZk9Lc1NtUVZ1YTk4enNkUS0tWU5JX0M5bFU4QzZOem4wdnNoOTVQZUFMaHlrNUhLSlFvZDNSWWp0c1Z3c0Z0Q0lfUlhPRlZOYUNOQVFRNFJtZjlHMGfSAewBQVVfeXFMUGJnWnltdjgtd1QxazFXbjJFSjRpcTNhaXdVMGhkdHdwbGNibVVFWjRnenc4RXpoaml3TG1laG1HajJMTmNfRElRMVRoRXBKS0ZyZnFEYmdQeUZqZ0Ywd3o5N0FIMm9ONXZNblJneHhHdkl5VEEwMG9SUlJCWTJEVVhBN3NGbE9peUFpZjVSVUg5YWRjeDdvZFJURVNfcVdTYjViTEdURzZCU3hHT1AydHM3YTFadDNQVDJlU21ybTk4ZzBoSEIzYnlmX24xSzlvT2dOdDhUOGp5VUwwMkQwN18tVEsyWWc1c3pLN1o?oc=5\" target=\"_blank\" rel=\"nofollow noopener\">Ma\u00edra Cardi desabafa ap\u00f3s visitar filha na UTI: &#8216;N\u00e3o consegui ficar, essa situa\u00e7\u00e3o d\u00f3i&#8217;<\/a>&nbsp;&nbsp;Globo<\/li>\n<li><a href=\"https:\/\/news.google.com\/rss\/articles\/CBMiuAFBVV95cUxPQU81VUdYVHJlb1E1V2lRcE5wNUxnNjktUlUxY1h6WnJqUmhtLTBmY2RJUndrRENIdm1Na2xia3BtMVhrNkYxSmpDMGpLci1ZTllYVjRTd3pDZ3VHZzJ6VXBrczVDSHlWakRheHNXZEpXc3NsdjEyaEdZU1NBdmpqemt0ZEhmWE9Ua0txSTRpakdpU215clg3ZDV6b29rNGVqRmpvYUR3RzNtcENxVzVkTHlEZmZhaDB1?oc=5\" target=\"_blank\" rel=\"nofollow noopener\">V\u00eddeo: Ma\u00edra Cardi pede ora\u00e7\u00f5es para Eloah, que foi levada para a UTI<\/a>&nbsp;&nbsp;Metr\u00f3poles<\/li>\n<li><a href=\"https:\/\/news.google.com\/rss\/articles\/CBMirAFBVV95cUxOUVloWVpFaUpWcUR4WlpHcFdPeVE4WC1zdlhqeEdaZWZfbm5pTGtjV2xONHpCaVM5N29IZHdGVFhmbFZkYVBYemR2cnhsOXZFQjY0UFhoR2xtb1lrRUcwcmxvbFg1TGRjeVVTdk5ZMkxrQkdwUG9hSDBxQ0RfYXFFM21feGZvOU03Rmt1QWlCX0NMWWtSNjhtMVkxOHJGSl9yVmpYam5tbzZSazJh?oc=5\" target=\"_blank\" rel=\"nofollow noopener\">Ma\u00edra Cardi anuncia nascimento da filha, Eloah; beb\u00ea est\u00e1 na UTI<\/a>&nbsp;&nbsp;Estad\u00e3o<\/li>\n<li><a href=\"https:\/\/news.google.com\/rss\/articles\/CBMiwwFBVV95cUxNcm9ScmJmcUZDYUVHQjE3MEdxOEcxeGp5QzdRbGR5YW90RGxUVTFzMFFUTHdtUk5MLTROWHZnZzlOM3MwOTQ4Nl9vNGlHVlFmVFpOX0tqOTdCSlhEcmk0ZUhUa0RMUXA4RWlMcWZwVXpPQUVDYTVwMUlzbnNyQXhfNE92a19rdXYzd1lMeHlhRjlfUFRFMjNhVXNOempoeEFWWXRldHhORW1SNzU2S1FvT1BPU1UzX2ZrUUdBaFhvWkxULW_SAcgBQVVfeXFMTndBR2pfN0Rad0FjVjR6cU1DTVVXT0FJb0ktbjFfQXFyZVh2UXBxVy0tcW9jWFdOdGpNQ0lWMFhQRXpMZG5VQ1hMYlF1WXdBVElHcDcyQUQtOGFhODVMRWFaSzlveW02eW1PMlNtc3p3RndZcHB2ZVMyRTRHT3VQU1pjNU03SXVBQ1FjOWd2ZmxMWUJ0bk1iZjlOaXhwSGRhdTIxeUVJZ1VYZjB6NURTbGlfRFZnd2RNcklTT2NwQUEtRXh5R1h1SUs?oc=5\" target=\"_blank\" rel=\"nofollow noopener\">Ma\u00edra Cardi anuncia nascimento da filha e pede ora\u00e7\u00f5es: &#8220;Est\u00e1 na UTI&#8221;<\/a>&nbsp;&nbsp;NaTelinha<\/li>\n<\/ol>\n","protected":false},"excerpt":{"rendered":"Ma\u00edra Cardi desabafa ap\u00f3s visitar filha na UTI: &#8216;N\u00e3o consegui ficar, essa situa\u00e7\u00e3o d\u00f3i&#8217;&nbsp;&nbsp;Globo V\u00eddeo: Ma\u00edra Cardi pede&hellip;\n","protected":false},"author":2,"featured_media":128132,"comment_status":"","ping_status":"","sticky":false,"template":"","format":"standard","meta":{"footnotes":""},"categories":[145],"tags":[211,210,114,115,7142,32,33,7143],"class_list":{"0":"post-128131","1":"post","2":"type-post","3":"status-publish","4":"format-standard","5":"has-post-thumbnail","7":"category-celebridades","8":"tag-celebridades","9":"tag-celebrities","10":"tag-entertainment","11":"tag-entretenimento","12":"tag-maira-cardi","13":"tag-portugal","14":"tag-pt","15":"tag-thiago-nigro"},"share_on_mastodon":{"url":"https:\/\/pubeurope.com\/@pt\/115445520268825618","error":""},"_links":{"self":[{"href":"https:\/\/www.europesays.com\/pt\/wp-json\/wp\/v2\/posts\/128131","targetHints":{"allow":["GET"]}}],"collection":[{"href":"https:\/\/www.europesays.com\/pt\/wp-json\/wp\/v2\/posts"}],"about":[{"href":"https:\/\/www.europesays.com\/pt\/wp-json\/wp\/v2\/types\/post"}],"author":[{"embeddable":true,"href":"https:\/\/www.europesays.com\/pt\/wp-json\/wp\/v2\/users\/2"}],"replies":[{"embeddable":true,"href":"https:\/\/www.europesays.com\/pt\/wp-json\/wp\/v2\/comments?post=128131"}],"version-history":[{"count":0,"href":"https:\/\/www.europesays.com\/pt\/wp-json\/wp\/v2\/posts\/128131\/revisions"}],"wp:featuredmedia":[{"embeddable":true,"href":"https:\/\/www.europesays.com\/pt\/wp-json\/wp\/v2\/media\/128132"}],"wp:attachment":[{"href":"https:\/\/www.europesays.com\/pt\/wp-json\/wp\/v2\/media?parent=128131"}],"wp:term":[{"taxonomy":"category","embeddable":true,"href":"https:\/\/www.europesays.com\/pt\/wp-json\/wp\/v2\/categories?post=128131"},{"taxonomy":"post_tag","embeddable":true,"href":"https:\/\/www.europesays.com\/pt\/wp-json\/wp\/v2\/tags?post=128131"}],"curies":[{"name":"wp","href":"https:\/\/api.w.org\/{rel}","templated":true}]}}