{"id":128184,"date":"2025-10-27T10:43:13","date_gmt":"2025-10-27T10:43:13","guid":{"rendered":"https:\/\/www.europesays.com\/pt\/128184\/"},"modified":"2025-10-27T10:43:13","modified_gmt":"2025-10-27T10:43:13","slug":"mundial-de-pista-2025-leitao-e-narciso-suam-sangue-no-madison","status":"publish","type":"post","link":"https:\/\/www.europesays.com\/pt\/128184\/","title":{"rendered":"Mundial de Pista 2025 | Leit\u00e3o e Narciso suam sangue no Madison"},"content":{"rendered":"<p>Era imposs\u00edvel atingir o n\u00edvel do passado Europeu, <strong><a href=\"https:\/\/www.topcycling.pt\/ivo-e-rui-oliveira-fecham-europeu-com-chave-de-bronze\/\" target=\"_blank\" rel=\"noreferrer noopener nofollow\">o melhor de sempre<\/a><\/strong>, mas I\u00fari Leit\u00e3o e Diogo Narciso souberam posicionar Portugal no top 5 do Madison no \u00faltimo dia do Mundial de pista.<\/p>\n<p>A dupla nacional sofreu, viveu algumas crises ao longo das 200 voltas, mas terminou em apoteose ganhando tr\u00eas dos quatro \u00faltimos sprints e pontuando no \u00faltimo. Foram 21 pontos em 40 voltas, nas quais Portugal correu ao ataque e que permitiu fechar no 5\u00ba lugar com 46 pontos.<\/p>\n<p>Ganharam os belgas De Vylder\/Van den Bossche (81 pontos), \u00e0 frente dos brit\u00e2nicos Tarling\/Stewart (73 pontos) e dos dinamarqueses Larsen\/Leth (71 pontos).<\/p>\n<p>Portugal fecha o Mundial do Chile com o <strong><a href=\"https:\/\/www.topcycling.pt\/mundial-2025-iuri-leitao-e-o-bronze-para-la-da-hora\/\" target=\"_blank\" rel=\"noreferrer noopener nofollow\">bronze de I\u00fari Leit\u00e3o no Scratch<\/a><\/strong>, o top 5 da dupla Leit\u00e3o\/Narciso no Madison e dois 15\u00ba lugares de <strong><a href=\"https:\/\/www.topcycling.pt\/joao-matias-nem-so-de-trepadores-vive-a-volta-a-portugal\/\" target=\"_blank\" rel=\"noreferrer noopener nofollow\">Jo\u00e3o Matias<\/a><\/strong> (Elimina\u00e7\u00e3o e Corrida por Pontos).<\/p>\n<p>A sele\u00e7\u00e3o voltou \u00e0s medalhas, o que n\u00e3o se verificava desde Glasgow 2023, quando o <strong><a href=\"https:\/\/www.topcycling.pt\/jogos-olimpicos-ouro\/\" target=\"_blank\" rel=\"noreferrer noopener nofollow\">campe\u00e3o ol\u00edmpico<\/a><\/strong> de Viana do Castelo <strong><a href=\"https:\/\/www.topcycling.pt\/iuri-leitao-e-campeao-do-mundo-de-pista-na-prova-de-omnium\/\" target=\"_blank\" rel=\"noreferrer noopener nofollow\">venceu o Omnium<\/a><\/strong>.<\/p>\n<p><img decoding=\"async\" loading=\"lazy\" width=\"1280\" height=\"854\" src=\"https:\/\/www.europesays.com\/pt\/wp-content\/uploads\/2025\/10\/Scratch_Podio-iuri-leitao.jpeg\" alt=\"\" class=\"wp-image-55899\"  \/>Al\u00e9m do Madison com Diogo Narciso, o vianense I\u00fari Leit\u00e3o subiu ao p\u00f3dio no Scratch no primeiro dia do Mundial.<br \/>Foto: FPC<\/p>\n<p>Viviani pendurou a bicicleta \u00e0 campe\u00e3o<\/p>\n<p>Harrie Lavreysen foi a grande figura do evento, com quatro t\u00edtulos na velocidade. O neerland\u00eas atingiu as 20 medalhas de ouro em Campeonatos do Mundo ao vencer o Sprint individual pela s\u00e9tima vez consecutiva.<\/p>\n<p>Foi uma edi\u00e7\u00e3o de sonho para os Pa\u00edses Baixos, que nunca tinham vencido nove t\u00edtulos mundiais. A Gr\u00e3-Bretanha foi a segunda na\u00e7\u00e3o no medalheiro com quatro t\u00edtulos.<\/p>\n<p>Nota para outro momento que marcou a \u00faltima sess\u00e3o em Santiago do Chile: Elia Viviani <strong><a href=\"https:\/\/www.topcycling.pt\/elia-viviani-despede-se-do-ciclismo-a-correr-em-casa\/\" target=\"_blank\" rel=\"noreferrer noopener nofollow\">pendurou a bicicleta<\/a><\/strong> \u00e0 campe\u00e3o ao ganhar pela terceira vez a Elimina\u00e7\u00e3o.<\/p>\n<p>O pr\u00f3ximo Campeonato do Mundo vai decorrer em Xangai, na China, em outubro de 2026. O ciclismo de pista regressa em quatro meses com o Europeu de Konya, na Turquia, entre 1-5 fevereiro.<\/p>\n","protected":false},"excerpt":{"rendered":"Era imposs\u00edvel atingir o n\u00edvel do passado Europeu, o melhor de sempre, mas I\u00fari Leit\u00e3o e Diogo Narciso&hellip;\n","protected":false},"author":2,"featured_media":128185,"comment_status":"","ping_status":"","sticky":false,"template":"","format":"standard","meta":{"footnotes":""},"categories":[87],"tags":[29223,5545,135,6407,29224,32,33,134],"class_list":{"0":"post-128184","1":"post","2":"type-post","3":"status-publish","4":"format-standard","5":"has-post-thumbnail","7":"category-desporto","8":"tag-campeonato-do-mundo-de-pista","9":"tag-competicao","10":"tag-desporto","11":"tag-iuri-leitao","12":"tag-pista","13":"tag-portugal","14":"tag-pt","15":"tag-sports"},"share_on_mastodon":{"url":"https:\/\/pubeurope.com\/@pt\/115445721673811661","error":""},"_links":{"self":[{"href":"https:\/\/www.europesays.com\/pt\/wp-json\/wp\/v2\/posts\/128184","targetHints":{"allow":["GET"]}}],"collection":[{"href":"https:\/\/www.europesays.com\/pt\/wp-json\/wp\/v2\/posts"}],"about":[{"href":"https:\/\/www.europesays.com\/pt\/wp-json\/wp\/v2\/types\/post"}],"author":[{"embeddable":true,"href":"https:\/\/www.europesays.com\/pt\/wp-json\/wp\/v2\/users\/2"}],"replies":[{"embeddable":true,"href":"https:\/\/www.europesays.com\/pt\/wp-json\/wp\/v2\/comments?post=128184"}],"version-history":[{"count":0,"href":"https:\/\/www.europesays.com\/pt\/wp-json\/wp\/v2\/posts\/128184\/revisions"}],"wp:featuredmedia":[{"embeddable":true,"href":"https:\/\/www.europesays.com\/pt\/wp-json\/wp\/v2\/media\/128185"}],"wp:attachment":[{"href":"https:\/\/www.europesays.com\/pt\/wp-json\/wp\/v2\/media?parent=128184"}],"wp:term":[{"taxonomy":"category","embeddable":true,"href":"https:\/\/www.europesays.com\/pt\/wp-json\/wp\/v2\/categories?post=128184"},{"taxonomy":"post_tag","embeddable":true,"href":"https:\/\/www.europesays.com\/pt\/wp-json\/wp\/v2\/tags?post=128184"}],"curies":[{"name":"wp","href":"https:\/\/api.w.org\/{rel}","templated":true}]}}