{"id":128196,"date":"2025-10-27T10:52:16","date_gmt":"2025-10-27T10:52:16","guid":{"rendered":"https:\/\/www.europesays.com\/pt\/128196\/"},"modified":"2025-10-27T10:52:16","modified_gmt":"2025-10-27T10:52:16","slug":"vanessa-rios-cantora-do-capim-com-mel-morre-aos-42-anos-de-idade-2","status":"publish","type":"post","link":"https:\/\/www.europesays.com\/pt\/128196\/","title":{"rendered":"Vanessa Rios, cantora do Capim com Mel, morre aos 42 anos de idade"},"content":{"rendered":"<p>Vanessa Rios, cantora do grupo de forr\u00f3 Capim com Mel, morreu neste domingo, 26, aos 41 anos de idade. A informa\u00e7\u00e3o foi confirmada no perfil oficial da banda no Instagram. A artista vinha passando por tratamento contra um c\u00e2ncer de pulm\u00e3o diagnosticado em 2023.<\/p>\n<p>&#8216;Em nome da fam\u00edlia Capim com Mel agradecemos pelo profissionalismo, dedica\u00e7\u00e3o e legado deixado. Descanse em paz, Vanessa Rios!&#8217;, consta no comunicado.<\/p>\n<p><strong>Quem \u00e9 Vanessa Rios, vocalista do Capim com Mel<\/strong><\/p>\n<p>A cantora cantou pelo Forr\u00f3 do Mu\u00eddo e pela Banda Boa Toda no in\u00edcio de sua carreira. Em seguida, venceu um concurso para se tornar a vocalista da Banda Kitara, em 2014. Depois, passou a integrar o Capim com Mel.<\/p>\n<p>Segundo reportagem exibida no \u00faltimo m\u00eas de junho pela TV Jornal, afiliada do SBT, Vanessa foi diagnosticada com c\u00e2ncer em 2023, mais especificamente um sarcoma sinovial pulmonar.<\/p>\n<p>Ela chegou a conciliar o tratamento com a carreira de cantora e at\u00e9 se apresentou logo ap\u00f3s uma sess\u00e3o de quimioterapia. Com o tempo, por\u00e9m, precisou se afastar dos palcos.<\/p>\n<p>Veja Tamb\u00e9m<\/p>\n","protected":false},"excerpt":{"rendered":"Vanessa Rios, cantora do grupo de forr\u00f3 Capim com Mel, morreu neste domingo, 26, aos 41 anos de&hellip;\n","protected":false},"author":2,"featured_media":128197,"comment_status":"","ping_status":"","sticky":false,"template":"","format":"standard","meta":{"footnotes":""},"categories":[145],"tags":[3428,211,210,114,115,1437,32,33,29227],"class_list":{"0":"post-128196","1":"post","2":"type-post","3":"status-publish","4":"format-standard","5":"has-post-thumbnail","7":"category-celebridades","8":"tag-arte-agenda","9":"tag-celebridades","10":"tag-celebrities","11":"tag-entertainment","12":"tag-entretenimento","13":"tag-morte","14":"tag-portugal","15":"tag-pt","16":"tag-vanessa-rios"},"share_on_mastodon":{"url":"https:\/\/pubeurope.com\/@pt\/115445756288864249","error":""},"_links":{"self":[{"href":"https:\/\/www.europesays.com\/pt\/wp-json\/wp\/v2\/posts\/128196","targetHints":{"allow":["GET"]}}],"collection":[{"href":"https:\/\/www.europesays.com\/pt\/wp-json\/wp\/v2\/posts"}],"about":[{"href":"https:\/\/www.europesays.com\/pt\/wp-json\/wp\/v2\/types\/post"}],"author":[{"embeddable":true,"href":"https:\/\/www.europesays.com\/pt\/wp-json\/wp\/v2\/users\/2"}],"replies":[{"embeddable":true,"href":"https:\/\/www.europesays.com\/pt\/wp-json\/wp\/v2\/comments?post=128196"}],"version-history":[{"count":0,"href":"https:\/\/www.europesays.com\/pt\/wp-json\/wp\/v2\/posts\/128196\/revisions"}],"wp:featuredmedia":[{"embeddable":true,"href":"https:\/\/www.europesays.com\/pt\/wp-json\/wp\/v2\/media\/128197"}],"wp:attachment":[{"href":"https:\/\/www.europesays.com\/pt\/wp-json\/wp\/v2\/media?parent=128196"}],"wp:term":[{"taxonomy":"category","embeddable":true,"href":"https:\/\/www.europesays.com\/pt\/wp-json\/wp\/v2\/categories?post=128196"},{"taxonomy":"post_tag","embeddable":true,"href":"https:\/\/www.europesays.com\/pt\/wp-json\/wp\/v2\/tags?post=128196"}],"curies":[{"name":"wp","href":"https:\/\/api.w.org\/{rel}","templated":true}]}}