{"id":128210,"date":"2025-10-27T11:05:18","date_gmt":"2025-10-27T11:05:18","guid":{"rendered":"https:\/\/www.europesays.com\/pt\/128210\/"},"modified":"2025-10-27T11:05:18","modified_gmt":"2025-10-27T11:05:18","slug":"menina-de-cinco-anos-caiu-de-navio-da-disney-porque-a-mae-queria-tirar-fotografia","status":"publish","type":"post","link":"https:\/\/www.europesays.com\/pt\/128210\/","title":{"rendered":"Menina de cinco anos caiu de navio da Disney porque a m\u00e3e queria tirar fotografia"},"content":{"rendered":"<p data-remotead-prev-elm=\"true\" data-remotead-elm-id=\"inread\">A investiga\u00e7\u00e3o ao caso, que foi not\u00edcia a n\u00edvel global, porque o pai da crian\u00e7a se atirou \u00e0 \u00e1gua e conseguiu salv\u00e1-la, num momento captado em v\u00eddeo por outros passageiros, recorreu a c\u00e2maras de vigil\u00e2ncia do navio para perceber como foi poss\u00edvel a queda ao mar da menina. As imagens mostram a fam\u00edlia a passear no conv\u00e9ns, quando a crian\u00e7a se apoiou num corrim\u00e3o para posar para a foto e perdeu o equil\u00edbrio. N\u00e3o havia vidro de prote\u00e7\u00e3o naquele gradeamento lateral do navio, que estava a fazer o regresso a Fort Lauderdale, vindo das Bahamas.<\/p>\n<p>A queda registou-se \u00e0s 11.29 horas do dia 29 de junho e, depois de alguns momentos de p\u00e2nico, o pai da crian\u00e7a atirou-se \u00e0 \u00e1gua para a salvar. &#8220;Afirmou que estava a cerca de tr\u00eas metros \u00e0 frente e n\u00e3o testemunhou a queda. Ouviu a mulher gritar e, ao virar-se, viu a filha na \u00e1gua. Inicialmente, correu para pedir ajuda, mas, ap\u00f3s cerca de 45 segundos, decidiu saltar para o mar para tentar o resgate&#8221;, explica o relat\u00f3rio policial. 20 minutos depois da queda, um navio de salvamento conseguiu retirar da \u00e1gua pai e filha. O homem sofreu les\u00f5es na coluna vertebral e a filha encontrava-se em hipotermia.<\/p>\n<p data-remotead-prev-elm=\"true\" data-remotead-elm-id=\"centro1\">A m\u00e3e afirmou \u00e0s autoridades julgar que o gradeamento tinha um vidro de prote\u00e7\u00e3o e que, inicialmente, nem sequer conseguia acreditar que a filha tinha ca\u00eddo \u00e0 \u00e1gua. &#8220;Embora a conduta da r\u00e9 seja indiscutivelmente negligente e irrespons\u00e1vel, n\u00e3o chega ao n\u00edvel grave necess\u00e1rio para estabelecer neglig\u00eancia criminal culposa&#8221;, afirmou Melissa Kelly, procuradora estadual adjunta respons\u00e1vel pelo caso, que est\u00e1 a investigado em Broward County, na Florida.<\/p>\n<p>Sobre a empresa de cruzeiros, o relat\u00f3rio explica que o navio estava equipado com sensores de &#8220;homem ao mar&#8221;, mas que n\u00e3o detetaram o &#8220;corpo peuqueno&#8221; da crian\u00e7a de cinco anos. S\u00f3 foi ativado quando o pai tamb\u00e9m saltou para a \u00e1gua.<\/p>\n","protected":false},"excerpt":{"rendered":"A investiga\u00e7\u00e3o ao caso, que foi not\u00edcia a n\u00edvel global, porque o pai da crian\u00e7a se atirou \u00e0&hellip;\n","protected":false},"author":2,"featured_media":128211,"comment_status":"","ping_status":"","sticky":false,"template":"","format":"standard","meta":{"footnotes":""},"categories":[8],"tags":[27,28,6034,413,15,16,14,25,26,21,22,62,12,13,19,20,32,23,24,33,17,18,29,30,31],"class_list":{"0":"post-128210","1":"post","2":"type-post","3":"status-publish","4":"format-standard","5":"has-post-thumbnail","7":"category-principais-noticias","8":"tag-breaking-news","9":"tag-breakingnews","10":"tag-cruzeiro","11":"tag-eua","12":"tag-featured-news","13":"tag-featurednews","14":"tag-headlines","15":"tag-latest-news","16":"tag-latestnews","17":"tag-main-news","18":"tag-mainnews","19":"tag-mundo","20":"tag-news","21":"tag-noticias","22":"tag-noticias-principais","23":"tag-noticiasprincipais","24":"tag-portugal","25":"tag-principais-noticias","26":"tag-principaisnoticias","27":"tag-pt","28":"tag-top-stories","29":"tag-topstories","30":"tag-ultimas","31":"tag-ultimas-noticias","32":"tag-ultimasnoticias"},"share_on_mastodon":{"url":"https:\/\/pubeurope.com\/@pt\/115445807577302722","error":""},"_links":{"self":[{"href":"https:\/\/www.europesays.com\/pt\/wp-json\/wp\/v2\/posts\/128210","targetHints":{"allow":["GET"]}}],"collection":[{"href":"https:\/\/www.europesays.com\/pt\/wp-json\/wp\/v2\/posts"}],"about":[{"href":"https:\/\/www.europesays.com\/pt\/wp-json\/wp\/v2\/types\/post"}],"author":[{"embeddable":true,"href":"https:\/\/www.europesays.com\/pt\/wp-json\/wp\/v2\/users\/2"}],"replies":[{"embeddable":true,"href":"https:\/\/www.europesays.com\/pt\/wp-json\/wp\/v2\/comments?post=128210"}],"version-history":[{"count":0,"href":"https:\/\/www.europesays.com\/pt\/wp-json\/wp\/v2\/posts\/128210\/revisions"}],"wp:featuredmedia":[{"embeddable":true,"href":"https:\/\/www.europesays.com\/pt\/wp-json\/wp\/v2\/media\/128211"}],"wp:attachment":[{"href":"https:\/\/www.europesays.com\/pt\/wp-json\/wp\/v2\/media?parent=128210"}],"wp:term":[{"taxonomy":"category","embeddable":true,"href":"https:\/\/www.europesays.com\/pt\/wp-json\/wp\/v2\/categories?post=128210"},{"taxonomy":"post_tag","embeddable":true,"href":"https:\/\/www.europesays.com\/pt\/wp-json\/wp\/v2\/tags?post=128210"}],"curies":[{"name":"wp","href":"https:\/\/api.w.org\/{rel}","templated":true}]}}