{"id":128234,"date":"2025-10-27T11:26:10","date_gmt":"2025-10-27T11:26:10","guid":{"rendered":"https:\/\/www.europesays.com\/pt\/128234\/"},"modified":"2025-10-27T11:26:10","modified_gmt":"2025-10-27T11:26:10","slug":"real-madrid-leva-a-melhor-sobre-o-barcelona-no-el-clasico","status":"publish","type":"post","link":"https:\/\/www.europesays.com\/pt\/128234\/","title":{"rendered":"Real Madrid leva a melhor sobre o Barcelona no El Cl\u00e1sico"},"content":{"rendered":"<p>&#8211; Advertisement &#8211;<\/p>\n<p><strong>O Real Madrid recebeu e venceu durante este domingo o Barcelona por duas bolas a uma, em jogo da d\u00e9cima jornada da La Liga.<\/strong><\/p>\n<p>O Real Madrid derrotou o Barcelona por 2-1 durante a tarde deste domingo. O jogo era relativo \u00e0 nona jornada da <a href=\"https:\/\/bolanarede.pt\/etiqueta\/la-liga\/\" target=\"_blank\" rel=\"noreferrer noopener nofollow\">La Liga<\/a>. Aos 12\u2032, as bancadas do Bernab\u00e9u foram ao rubro com um golo de Kylian Mbapp\u00e9, mas o lance foi anulado devido a fora de jogo.<\/p>\n<p>Por\u00e9m, aos 22\u2032, o gaul\u00eas conseguiu mesmo abrir o marcador. A resposta dos catal\u00e3es foi a melhor, com Ferm\u00edn L\u00f3pez a empatar, aos 38\u2032. Jude Bellingham estabeleceu o resultado final, aos 43\u2032. Wojciech Szczesny ainda parou uma grande penalidade, aos 53\u2032. Pedri foi expulso, aos 90+9\u2032.<\/p>\n<p>Com este resultado, a forma\u00e7\u00e3o de Xabi Alonso mant\u00e9m-se assim no primeiro lugar, com 27 pontos. J\u00e1 o conjunto de Hansi Flick est\u00e1 com 22 pontos, no segundo posto.<\/p>\n","protected":false},"excerpt":{"rendered":"&#8211; Advertisement &#8211; O Real Madrid recebeu e venceu durante este domingo o Barcelona por duas bolas a&hellip;\n","protected":false},"author":2,"featured_media":128235,"comment_status":"","ping_status":"","sticky":false,"template":"","format":"standard","meta":{"footnotes":""},"categories":[87],"tags":[260,1235,135,478,5705,32,33,2007,134],"class_list":{"0":"post-128234","1":"post","2":"type-post","3":"status-publish","4":"format-standard","5":"has-post-thumbnail","7":"category-desporto","8":"tag-atualidade","9":"tag-barcelona","10":"tag-desporto","11":"tag-destaques-bnr","12":"tag-la-liga","13":"tag-portugal","14":"tag-pt","15":"tag-real-madrid","16":"tag-sports"},"share_on_mastodon":{"url":"https:\/\/pubeurope.com\/@pt\/115445890087064727","error":""},"_links":{"self":[{"href":"https:\/\/www.europesays.com\/pt\/wp-json\/wp\/v2\/posts\/128234","targetHints":{"allow":["GET"]}}],"collection":[{"href":"https:\/\/www.europesays.com\/pt\/wp-json\/wp\/v2\/posts"}],"about":[{"href":"https:\/\/www.europesays.com\/pt\/wp-json\/wp\/v2\/types\/post"}],"author":[{"embeddable":true,"href":"https:\/\/www.europesays.com\/pt\/wp-json\/wp\/v2\/users\/2"}],"replies":[{"embeddable":true,"href":"https:\/\/www.europesays.com\/pt\/wp-json\/wp\/v2\/comments?post=128234"}],"version-history":[{"count":0,"href":"https:\/\/www.europesays.com\/pt\/wp-json\/wp\/v2\/posts\/128234\/revisions"}],"wp:featuredmedia":[{"embeddable":true,"href":"https:\/\/www.europesays.com\/pt\/wp-json\/wp\/v2\/media\/128235"}],"wp:attachment":[{"href":"https:\/\/www.europesays.com\/pt\/wp-json\/wp\/v2\/media?parent=128234"}],"wp:term":[{"taxonomy":"category","embeddable":true,"href":"https:\/\/www.europesays.com\/pt\/wp-json\/wp\/v2\/categories?post=128234"},{"taxonomy":"post_tag","embeddable":true,"href":"https:\/\/www.europesays.com\/pt\/wp-json\/wp\/v2\/tags?post=128234"}],"curies":[{"name":"wp","href":"https:\/\/api.w.org\/{rel}","templated":true}]}}