{"id":128242,"date":"2025-10-27T11:36:09","date_gmt":"2025-10-27T11:36:09","guid":{"rendered":"https:\/\/www.europesays.com\/pt\/128242\/"},"modified":"2025-10-27T11:36:09","modified_gmt":"2025-10-27T11:36:09","slug":"lituania-fecha-fronteira-com-bielorrussia-e-ameaca-destruir-baloes-de-contrabando","status":"publish","type":"post","link":"https:\/\/www.europesays.com\/pt\/128242\/","title":{"rendered":"Litu\u00e2nia fecha fronteira com Bielorr\u00fassia e amea\u00e7a destruir bal\u00f5es de contrabando"},"content":{"rendered":"<p>&#13;<br \/>\nO governo lituano aponta culpas \u00e0 Bielorr\u00fassia, pa\u00eds aliado de Vladimir Putin, por ter permitido que os bal\u00f5es passassem a fronteira. A Litu\u00e2nia fechou os postos fronteiri\u00e7os que fazem liga\u00e7\u00e3o ao pa\u00eds liderado por Alexander Lukashenko.\u00a0&#13;\n<\/p>\n<p><b>\u201cA Litu\u00e2nia fecha indefinidamente a sua fronteira com a Bielorr\u00fassia\u201d,<\/b> informou a r\u00e1dio e televis\u00e3o p\u00fablica lituana LRT, citando como fonte o Centro Nacional de Gest\u00e3o de Crises.<\/p>\n<p><b>\u00c9 a quarta vez em menos de um m\u00eas que o maior aeroporto do pa\u00eds \u00e9 encerrado.&#13;<br \/>\n<\/b>A Litu\u00e2nia, pa\u00eds membro da NATO, fechou o Aeroporto de Vilnius quatro vezes na semana passada ap\u00f3s bal\u00f5es invadirem o seu espa\u00e7o a\u00e9reo. Em todas estas ocasi\u00f5es encerrou, em resposta, temporariamente a fronteira com a Bielorr\u00fasia.&#13;\n<\/p>\n<p>E a decis\u00e3o de fechar a fronteira com a Bielorr\u00fassia foi tomada pouco depois de o aeroporto de Vilnius ter anunciado perto das 20h00 que suspendia todas as opera\u00e7\u00f5es de voo devido a bal\u00f5es meteorol\u00f3gicos, supostamente utilizados para o contrabando de cigarros, que voavam em dire\u00e7\u00e3o ao espa\u00e7o a\u00e9reo lituano a partir da Bielorr\u00fassia.<\/p>\n<p>A primeira-ministra Inga Ruginiene disse j\u00e1 esta segunda-feira que a Litu\u00e2nia vai come\u00e7ar a destruir bal\u00f5es de contrabando que cruzemm a fronteira com a Bielorr\u00fassia.&#13;\n<\/p>\n<p>&#13;<br \/>\n<b>&#8220;Hoje decidimos tomar medidas mais rigorosas, n\u00e3o h\u00e1 outra maneira&#8221;<\/b>, disse Ruginiene numa confer\u00eancia de imprensa, acrescentando que o Governo tamb\u00e9m pode discutir a possibilidade de invocar a NATO.&#13;\n<\/p>\n<p>De acordo com as autoridades lituanas, os bal\u00f5es s\u00e3o enviados por contrabandistas que transportam cigarros contrabandeados, mas tamb\u00e9m aponta culpas ao presidente da Bielorr\u00fassia, aliado pr\u00f3ximo do presidente russo, por n\u00e3o impedir a pr\u00e1tica.<\/p>\n<p>Ruginiene denominou estes incidentes de &#8220;ataques h\u00edbridos&#8221; e disse que as passagens na fronteira com a Bielorr\u00fassia ser\u00e3o fechadas, exceto para viagens de diplomatas e cidad\u00e3os da Uni\u00e3o Europeia que deixam o pa\u00eds vizinho.&#13;\n<\/p>\n<p>&#13;<br \/>\n\u201cTodos os outros movimentos ser\u00e3o interrompidos. Isto envia um sinal claro \u00e0 Bielorr\u00fassia de que nenhum ataque h\u00edbrido ser\u00e1 tolerado aqui, e tomaremos as medidas mais rigorosas poss\u00edveis para impedir tais a\u00e7\u00f5es\u201d.<br \/>&#13;\n<\/p>\n<p>Num comunicado de imprensa publicado no domingo, o Minist\u00e9rio do Interior da Litu\u00e2nia, respons\u00e1vel pelo Servi\u00e7o de Guarda de Fronteiras, afirmou que \u201co n\u00famero de bal\u00f5es de contrabando detetados em 2025 (557) \u00e9 mais do dobro do que em 2024 (226)\u201d.<\/p>\n<p>O mesmo Minist\u00e9rio indicou que \u201centre janeiro e setembro de 2025, quatro quintos (80,1  por cento) dos cigarros importados da Bielorr\u00fassia para a Litu\u00e2nia foram transportados por via a\u00e9rea, utilizando bal\u00f5es ou outros ve\u00edculos a\u00e9reos n\u00e3o tripulados\u201d. No total, este ano foram apreendidos mais de 1,1 milh\u00f5es de ma\u00e7os de cigarros transportados por via a\u00e9rea, dos quais cerca de 800 mil foram transportados utilizando bal\u00f5es.<\/p>\n<p>De acordo com os meios de comunica\u00e7\u00e3o lituanos, os envios de cigarros contrabandeados suspensos em bal\u00f5es costumam incluir um cart\u00e3o SIM para que os destinat\u00e1rios possam localiz\u00e1-los. O que tamb\u00e9m permitiu \u00e0 pol\u00edcia lituana encontrar o local onde as cargas contrabandeadas aterram e deter as pessoas que as recolhem.&#13;\n<\/p>\n<p>&#13;<br \/>\nC\/ag\u00eancias&#13;<\/p>\n","protected":false},"excerpt":{"rendered":"&#13; O governo lituano aponta culpas \u00e0 Bielorr\u00fassia, pa\u00eds aliado de Vladimir Putin, por ter permitido que os&hellip;\n","protected":false},"author":2,"featured_media":128243,"comment_status":"","ping_status":"","sticky":false,"template":"","format":"standard","meta":{"footnotes":""},"categories":[50],"tags":[27,28,15,16,14,25,26,21,22,62,12,13,19,20,23,24,420,421,17,18,29,30,31,63,64,65],"class_list":{"0":"post-128242","1":"post","2":"type-post","3":"status-publish","4":"format-standard","5":"has-post-thumbnail","7":"category-mundo","8":"tag-breaking-news","9":"tag-breakingnews","10":"tag-featured-news","11":"tag-featurednews","12":"tag-headlines","13":"tag-latest-news","14":"tag-latestnews","15":"tag-main-news","16":"tag-mainnews","17":"tag-mundo","18":"tag-news","19":"tag-noticias","20":"tag-noticias-principais","21":"tag-noticiasprincipais","22":"tag-principais-noticias","23":"tag-principaisnoticias","24":"tag-rtp","25":"tag-rtp-noticias","26":"tag-top-stories","27":"tag-topstories","28":"tag-ultimas","29":"tag-ultimas-noticias","30":"tag-ultimasnoticias","31":"tag-world","32":"tag-world-news","33":"tag-worldnews"},"share_on_mastodon":{"url":"https:\/\/pubeurope.com\/@pt\/115445929409351813","error":""},"_links":{"self":[{"href":"https:\/\/www.europesays.com\/pt\/wp-json\/wp\/v2\/posts\/128242","targetHints":{"allow":["GET"]}}],"collection":[{"href":"https:\/\/www.europesays.com\/pt\/wp-json\/wp\/v2\/posts"}],"about":[{"href":"https:\/\/www.europesays.com\/pt\/wp-json\/wp\/v2\/types\/post"}],"author":[{"embeddable":true,"href":"https:\/\/www.europesays.com\/pt\/wp-json\/wp\/v2\/users\/2"}],"replies":[{"embeddable":true,"href":"https:\/\/www.europesays.com\/pt\/wp-json\/wp\/v2\/comments?post=128242"}],"version-history":[{"count":0,"href":"https:\/\/www.europesays.com\/pt\/wp-json\/wp\/v2\/posts\/128242\/revisions"}],"wp:featuredmedia":[{"embeddable":true,"href":"https:\/\/www.europesays.com\/pt\/wp-json\/wp\/v2\/media\/128243"}],"wp:attachment":[{"href":"https:\/\/www.europesays.com\/pt\/wp-json\/wp\/v2\/media?parent=128242"}],"wp:term":[{"taxonomy":"category","embeddable":true,"href":"https:\/\/www.europesays.com\/pt\/wp-json\/wp\/v2\/categories?post=128242"},{"taxonomy":"post_tag","embeddable":true,"href":"https:\/\/www.europesays.com\/pt\/wp-json\/wp\/v2\/tags?post=128242"}],"curies":[{"name":"wp","href":"https:\/\/api.w.org\/{rel}","templated":true}]}}