{"id":128263,"date":"2025-10-27T11:50:10","date_gmt":"2025-10-27T11:50:10","guid":{"rendered":"https:\/\/www.europesays.com\/pt\/128263\/"},"modified":"2025-10-27T11:50:10","modified_gmt":"2025-10-27T11:50:10","slug":"kiev-reivindica-autoria-de-ataque-a-barragem-na-regiao-russa-de-belgorod","status":"publish","type":"post","link":"https:\/\/www.europesays.com\/pt\/128263\/","title":{"rendered":"Kiev reivindica autoria de ataque a barragem na regi\u00e3o russa de Belgorod"},"content":{"rendered":"<p>&#13;<br \/>\nOs drones ucranianos provocaram uma fissura na estrutura e, em consequ\u00eancia, o n\u00edvel da \u00e1gua desceu um metro, afirmou o comandante das For\u00e7as de Sistemas N\u00e3o Tripulados do ex\u00e9rcito ucraniano, Robert Brovdi.&#13;\n<\/p>\n<p>&#13;<br \/>\nOs meios de comunica\u00e7\u00e3o ucranianos noticiaram, este fim de semana, que o reservat\u00f3rio na regi\u00e3o russa de Belgorod tinha sido atingido por lan\u00e7adores de foguetes HIMARS, um sistema norte-americano que a Ucr\u00e2nia tem vindo a utilizar desde o primeiro ano da invas\u00e3o.&#13;\n<\/p>\n<p>&#13;<br \/>\nAs autoridades regionais de Belgorod declararam no s\u00e1bado que a barragem &#8211; no rio Seversky Donets &#8211; tinha sido danificada por fogo de artilharia ucraniana. &#13;\n<\/p>\n<p>&#13;<br \/>\nDe acordo com as autoridades de Belgorod, a inten\u00e7\u00e3o do ataque era destruir por completo a barragem, o que teria provocado inunda\u00e7\u00f5es na zona adjacente, onde vivem mil pessoas.&#13;\n<\/p>\n<p>&#13;<br \/>\nO Presidente ucraniano, Volodymyr Zelensky, tem afirmado repetidamente que a Ucr\u00e2nia responder\u00e1 \u00e0 campanha russa de ataques ao sistema energ\u00e9tico e a outras instala\u00e7\u00f5es civis do pa\u00eds, neste outono, com bombardeamentos semelhantes contra infraestruturas cr\u00edticas russas. &#13;\n<\/p>\n<p>&#13;<br \/>\n\u00a0&#13;<\/p>\n","protected":false},"excerpt":{"rendered":"&#13; Os drones ucranianos provocaram uma fissura na estrutura e, em consequ\u00eancia, o n\u00edvel da \u00e1gua desceu um&hellip;\n","protected":false},"author":2,"featured_media":128264,"comment_status":"","ping_status":"","sticky":false,"template":"","format":"standard","meta":{"footnotes":""},"categories":[50],"tags":[29232,27,28,15,16,14,25,26,21,22,62,12,13,19,20,23,24,17,18,840,29,30,31,63,64,65],"class_list":{"0":"post-128263","1":"post","2":"type-post","3":"status-publish","4":"format-standard","5":"has-post-thumbnail","7":"category-mundo","8":"tag-belgorod-kiev","9":"tag-breaking-news","10":"tag-breakingnews","11":"tag-featured-news","12":"tag-featurednews","13":"tag-headlines","14":"tag-latest-news","15":"tag-latestnews","16":"tag-main-news","17":"tag-mainnews","18":"tag-mundo","19":"tag-news","20":"tag-noticias","21":"tag-noticias-principais","22":"tag-noticiasprincipais","23":"tag-principais-noticias","24":"tag-principaisnoticias","25":"tag-top-stories","26":"tag-topstories","27":"tag-ucrania","28":"tag-ultimas","29":"tag-ultimas-noticias","30":"tag-ultimasnoticias","31":"tag-world","32":"tag-world-news","33":"tag-worldnews"},"share_on_mastodon":{"url":"https:\/\/pubeurope.com\/@pt\/115445984424132288","error":""},"_links":{"self":[{"href":"https:\/\/www.europesays.com\/pt\/wp-json\/wp\/v2\/posts\/128263","targetHints":{"allow":["GET"]}}],"collection":[{"href":"https:\/\/www.europesays.com\/pt\/wp-json\/wp\/v2\/posts"}],"about":[{"href":"https:\/\/www.europesays.com\/pt\/wp-json\/wp\/v2\/types\/post"}],"author":[{"embeddable":true,"href":"https:\/\/www.europesays.com\/pt\/wp-json\/wp\/v2\/users\/2"}],"replies":[{"embeddable":true,"href":"https:\/\/www.europesays.com\/pt\/wp-json\/wp\/v2\/comments?post=128263"}],"version-history":[{"count":0,"href":"https:\/\/www.europesays.com\/pt\/wp-json\/wp\/v2\/posts\/128263\/revisions"}],"wp:featuredmedia":[{"embeddable":true,"href":"https:\/\/www.europesays.com\/pt\/wp-json\/wp\/v2\/media\/128264"}],"wp:attachment":[{"href":"https:\/\/www.europesays.com\/pt\/wp-json\/wp\/v2\/media?parent=128263"}],"wp:term":[{"taxonomy":"category","embeddable":true,"href":"https:\/\/www.europesays.com\/pt\/wp-json\/wp\/v2\/categories?post=128263"},{"taxonomy":"post_tag","embeddable":true,"href":"https:\/\/www.europesays.com\/pt\/wp-json\/wp\/v2\/tags?post=128263"}],"curies":[{"name":"wp","href":"https:\/\/api.w.org\/{rel}","templated":true}]}}