{"id":128297,"date":"2025-10-27T12:14:18","date_gmt":"2025-10-27T12:14:18","guid":{"rendered":"https:\/\/www.europesays.com\/pt\/128297\/"},"modified":"2025-10-27T12:14:18","modified_gmt":"2025-10-27T12:14:18","slug":"tratamento-capilar-inovador-e-eficaz","status":"publish","type":"post","link":"https:\/\/www.europesays.com\/pt\/128297\/","title":{"rendered":"Tratamento Capilar Inovador e Eficaz"},"content":{"rendered":"<p>Dermatologistas Jaqueline Zmijevski e Marcelo Zanolli destacam diagn\u00f3stico precoce e terapias personalizadas<\/p>\n<p><a href=\"https:\/\/cdn6.campograndenews.com.br\/uploads\/noticias\/2025\/10\/17\/686a6fa5576f6b07be02b75b9a81ee063cdc96e3.jpeg\" data-fslightbox=\"gallery\" data-title=\"Cl\u00ednica Sanabria redefine o tratamento capilar com tecnologia e precis\u00e3o m\u00e9dica\" rel=\"nofollow noopener\" target=\"_blank\"><img decoding=\"async\" src=\"https:\/\/www.europesays.com\/pt\/wp-content\/uploads\/2025\/10\/5njpjtnvs7mp.jpeg\" class=\"img-fluid\" alt=\"Cl\u00ednica Sanabria redefine o tratamento capilar com tecnologia e precis\u00e3o m\u00e9dica\" title=\"Cl\u00ednica Sanabria redefine o tratamento capilar com tecnologia e precis\u00e3o m\u00e9dica\" width=\"1536\" height=\"1536\"   loading=\"lazy\"\/><\/a>Dra. Jaqueline Zmijevski e Dr. Marcelo Zanolli lideram tratamentos avan\u00e7ados e humanizados para queda de cabelo (Foto: Divulga\u00e7\u00e3o)<\/p>\n<p style=\"text-align: justify;\">Nem toda queda de cabelo precisa acabar no centro cir\u00fargico. O alerta vem dos dermatologistas capilares Dra. Jaqueline Zmijevski e Dr. Marcelo Zanolli, da <strong>Cl\u00ednica Sanabria<\/strong>, em Campo Grande, refer\u00eancia em tricologia m\u00e9dica. A dupla defende que o diagn\u00f3stico preciso e o in\u00edcio r\u00e1pido do tratamento podem evitar, ou adiar por muitos anos, a necessidade de transplante.<\/p>\n<blockquote>\n<p style=\"text-align: justify;\">\u201cA \u00fanica indica\u00e7\u00e3o formal de cirurgia \u00e9 a calv\u00edcie\u201d, afirma com firmeza a Dra. Jaqueline. \u201cNenhuma outra alopecia deve ser tratada cirurgicamente. Existem v\u00e1rios tipos de perda de cabelo e muitas delas t\u00eam recupera\u00e7\u00e3o total com medicamentos e protocolos cl\u00ednicos\u201d.<\/p>\n<\/blockquote>\n<p style=\"text-align: justify;\">A principal ferramenta diagn\u00f3stica da cl\u00ednica \u00e9 a tricoscopia digital, um exame de imagem que analisa o couro cabeludo e mostra como cada fol\u00edculo se comporta.<\/p>\n<blockquote>\n<p style=\"text-align: justify;\">\u201c\u00c9 como o estetosc\u00f3pio do cardiologista\u201d, compara o Dr. Zanolli. \u201cA gente n\u00e3o faz consulta sem tricoscopia. \u00c9 ela que define o caminho do tratamento\u201d.<\/p>\n<\/blockquote>\n<p style=\"text-align: justify;\">Segundo ele, o exame amplia a imagem do couro cabeludo de 20 a 70 vezes, permitindo diferenciar se o problema \u00e9 calv\u00edcie (de origem gen\u00e9tica) ou outro tipo de alopecia.<\/p>\n<blockquote>\n<p style=\"text-align: justify;\">\u201cA calv\u00edcie \u00e9 uma forma espec\u00edfica de alopecia, mas h\u00e1 dezenas de outras causas para a queda, como estresse, cirurgias, parto, defici\u00eancia de vitaminas e at\u00e9 o emagrecimento r\u00e1pido, como acontece com o uso de medicamentos como Ozempic e Mounjaro\u201d.<\/p>\n<\/blockquote>\n<p><a href=\"https:\/\/cdn6.campograndenews.com.br\/uploads\/noticias\/2025\/10\/17\/420a476bcc8ad730ef500357f8e731f6c8d31f24.jpeg\" data-fslightbox=\"gallery\" data-title=\"Cl\u00ednica Sanabria redefine o tratamento capilar com tecnologia e precis\u00e3o m\u00e9dica\" rel=\"nofollow noopener\" target=\"_blank\"><img decoding=\"async\" src=\"https:\/\/www.europesays.com\/pt\/wp-content\/uploads\/2025\/10\/9fcl1vrwl0t.jpeg\" class=\"img-fluid\" width=\"800\" alt=\"Cl\u00ednica Sanabria redefine o tratamento capilar com tecnologia e precis\u00e3o m\u00e9dica\" title=\"Cl\u00ednica Sanabria redefine o tratamento capilar com tecnologia e precis\u00e3o m\u00e9dica\" height=\"480\"   loading=\"lazy\"\/><\/a>Exame de imagem que amplia o couro cabeludo at\u00e9 70 vezes e revela a sa\u00fade dos fol\u00edculos capilares (Foto: Divulga\u00e7\u00e3o)<\/p>\n<p style=\"text-align: justify;\">Para quem tem predisposi\u00e7\u00e3o gen\u00e9tica \u00e0 calv\u00edcie, o tempo \u00e9 fator decisivo.<\/p>\n<blockquote>\n<p style=\"text-align: justify;\">\u201cQuando o paciente procura ajuda no in\u00edcio da perda, conseguimos manter os fios existentes e at\u00e9 melhorar a densidade. Assim, muitas vezes adiamos a cirurgia por v\u00e1rios anos\u201d, explica a Dra. Jaqueline.<\/p>\n<\/blockquote>\n<p style=\"text-align: justify;\">Ela refor\u00e7a que mesmo nos casos em que o transplante \u00e9 indicado, o procedimento n\u00e3o cura a calv\u00edcie.<\/p>\n<blockquote>\n<p style=\"text-align: justify;\">\u201cO cabelo transplantado n\u00e3o cai, mas o restante continua sendo afetado. Por isso o tratamento cl\u00ednico precisa ser mantido. \u00c9 para sempre\u201d.<\/p>\n<\/blockquote>\n<p><a href=\"https:\/\/cdn6.campograndenews.com.br\/uploads\/noticias\/2025\/10\/17\/68f26d9289735.jpg\" data-fslightbox=\"gallery\" data-title=\"Cl\u00ednica Sanabria redefine o tratamento capilar com tecnologia e precis\u00e3o m\u00e9dica\" rel=\"nofollow noopener\" target=\"_blank\"><img decoding=\"async\" src=\"https:\/\/www.europesays.com\/pt\/wp-content\/uploads\/2025\/10\/322mf3iqrce88.jpg\" class=\"img-fluid\" width=\"800\" alt=\"Cl\u00ednica Sanabria redefine o tratamento capilar com tecnologia e precis\u00e3o m\u00e9dica\" title=\"Cl\u00ednica Sanabria redefine o tratamento capilar com tecnologia e precis\u00e3o m\u00e9dica\" height=\"1152\"   loading=\"lazy\"\/><\/a>Dr. Marcelo Zanolli: dermatologista capilar da Cl\u00ednica Sanabria, refer\u00eancia em tricologia m\u00e9dica (Foto: Divulga\u00e7\u00e3o)<\/p>\n<p style=\"text-align: justify;\"><strong>Protocolos personalizados e mais de 30 op\u00e7\u00f5es de terapias<\/strong><\/p>\n<p style=\"text-align: justify;\">Na <strong>Cl\u00ednica Sanabria<\/strong>, cada tratamento \u00e9 montado de forma individual.<\/p>\n<blockquote>\n<p style=\"text-align: justify;\">\u201cTrabalhamos com protocolos que combinam laser capilar, mesoterapia, microinfus\u00e3o de medicamentos (MMP) e terapias regenerativas como exossomas e PDRN\u201d, detalha o Dr. Zanolli.<\/p>\n<\/blockquote>\n<p style=\"text-align: justify;\">A m\u00e9dica complementa que na cl\u00ednica s\u00e3o mais de 30 protocolos diferentes. A escolha depende da tricoscopia de cada paciente e as sess\u00f5es variam conforme o caso.<\/p>\n<blockquote>\n<p style=\"text-align: justify;\">\u201cPode ser a cada 15, 30 ou 90 dias. Um paciente com calv\u00edcie pode ter um protocolo de seis meses com sess\u00f5es mensais ou quinzenais\u201d, explica o dermatologista.<\/p>\n<\/blockquote>\n<p style=\"text-align: justify;\"><strong>Homens chegam mais tarde, mulheres percebem antes<\/strong><\/p>\n<blockquote>\n<p style=\"text-align: justify;\">O comportamento da calv\u00edcie varia entre os sexos. \u201cNos homens, o primeiro sinal \u00e9 o afinamento dos fios nas entradas e na coroa. J\u00e1 nas mulheres, o alargamento da risca no topo da cabe\u00e7a \u00e9 o mais comum\u201d, diz a Dra. Jaqueline.<\/p>\n<\/blockquote>\n<p style=\"text-align: justify;\">Segundo o Dr. Zanolli, embora o problema seja mais frequente em homens, as mulheres costumam procurar ajuda antes.<\/p>\n<blockquote>\n<p style=\"text-align: justify;\">\u201cElas percebem o afinamento progressivo e querem recuperar volume. Cerca de 50% das mulheres acima dos 50 anos t\u00eam algum grau de alopecia androgen\u00e9tica.\u201d<\/p>\n<\/blockquote>\n<p><a href=\"https:\/\/cdn6.campograndenews.com.br\/uploads\/noticias\/2025\/10\/17\/68f26d861b396.jpg\" data-fslightbox=\"gallery\" data-title=\"Cl\u00ednica Sanabria redefine o tratamento capilar com tecnologia e precis\u00e3o m\u00e9dica\" rel=\"nofollow noopener\" target=\"_blank\"><img decoding=\"async\" src=\"https:\/\/www.europesays.com\/pt\/wp-content\/uploads\/2025\/10\/1hddjkwbmz5sz.jpg\" class=\"img-fluid\" width=\"800\" alt=\"Cl\u00ednica Sanabria redefine o tratamento capilar com tecnologia e precis\u00e3o m\u00e9dica\" title=\"Cl\u00ednica Sanabria redefine o tratamento capilar com tecnologia e precis\u00e3o m\u00e9dica\" height=\"872\"   loading=\"lazy\"\/><\/a>Dra. Jaqueline Zmijevski: especialista em sa\u00fade capilar da Cl\u00ednica Sanabria (Foto: Divulga\u00e7\u00e3o)<\/p>\n<p style=\"text-align: justify;\">Al\u00e9m do aspecto m\u00e9dico, os dois dermatologistas destacam o impacto psicol\u00f3gico da perda capilar.<\/p>\n<blockquote>\n<p style=\"text-align: justify;\">\u201cO cabelo \u00e9 uma extens\u00e3o da identidade\u201d, afirma a Dra. Jaqueline. \u201cAs pessoas sentem como se estivessem perdendo uma parte de si. Recuperar o fio \u00e9 devolver confian\u00e7a e bem-estar.\u201d<\/p>\n<\/blockquote>\n<p style=\"text-align: justify;\">N\u00e3o existe forma de evitar a calv\u00edcie, que \u00e9 uma condi\u00e7\u00e3o gen\u00e9tica, mas \u00e9 poss\u00edvel estabilizar sua progress\u00e3o e devolver densidade e espessura capilar, al\u00e9m de controlar as quedas causadas por defici\u00eancias nutricionais e estresse.<\/p>\n<blockquote>\n<p style=\"text-align: justify;\">\u201cManter uma boa alimenta\u00e7\u00e3o, controlar a ansiedade e praticar atividade f\u00edsica ajudam muito\u201d, recomenda o m\u00e9dico.<\/p>\n<\/blockquote>\n<p><a href=\"https:\/\/cdn6.campograndenews.com.br\/uploads\/noticias\/2025\/10\/17\/89510b77c45b9f25d2455988624d77ce66182944.jpeg\" data-fslightbox=\"gallery\" data-title=\"Cl\u00ednica Sanabria redefine o tratamento capilar com tecnologia e precis\u00e3o m\u00e9dica\" rel=\"nofollow noopener\" target=\"_blank\"><img decoding=\"async\" src=\"https:\/\/www.europesays.com\/pt\/wp-content\/uploads\/2025\/10\/31g3sbvys0is8.jpeg\" class=\"img-fluid\" width=\"800\" alt=\"Cl\u00ednica Sanabria redefine o tratamento capilar com tecnologia e precis\u00e3o m\u00e9dica\" title=\"Cl\u00ednica Sanabria redefine o tratamento capilar com tecnologia e precis\u00e3o m\u00e9dica\" height=\"480\"   loading=\"lazy\"\/><\/a>Terapias combinadas com laser capilar, mesoterapia e regenera\u00e7\u00e3o celular para diferentes tipos de alopecia (Foto: Divulga\u00e7\u00e3o)<\/p>\n<p style=\"text-align: justify;\">E o recado \u00e9 direto: \u201cSe notar afinamento dos fios, entradas ou rarefa\u00e7\u00e3o no topo, procure um dermatologista o quanto antes. No in\u00edcio conseguimos estabilizar o quadro e at\u00e9 recuperar densidade. Quando progride demais, s\u00f3 o transplante resolve\u201d.<\/p>\n<p style=\"text-align: justify;\">Na <strong>Cl\u00ednica Sanabria<\/strong>, o lema \u00e9 claro: diagn\u00f3stico primeiro, bisturi depois.<\/p>\n<blockquote>\n<p style=\"text-align: justify;\">\u201cCabelo n\u00e3o \u00e9 s\u00f3 est\u00e9tica. \u00c9 sa\u00fade, \u00e9 autoestima\u201d, resume o Dr. Zanolli. E como refor\u00e7a a Dra. Jaqueline, \u201cquanto antes o paciente buscar ajuda, maiores as chances de manter o que a gen\u00e9tica insiste em tirar\u201d.<\/p>\n<\/blockquote>\n<p style=\"text-align: justify;\">Agende sua consulta com os especialistas capilares pelo n\u00famero (67) 98113-4638<a href=\"https:\/\/api.whatsapp.com\/send?phone=5567981134638&amp;text=Ol%C3%A1!%20Vi%20sua%20mat%C3%A9ria%20no%20Campo%20Grande%20News.%20\" rel=\"noopener noreferrer nofollow\" target=\"_blank\">\u00a0(Clique aqui)<\/a>.<\/p>\n<p style=\"text-align: justify;\">Saiba mais em <a href=\"https:\/\/clinicasanabria.com.br\/\" rel=\"noopener noreferrer nofollow\" target=\"_blank\">www.clinicasanabria.com.br<\/a> e siga a<strong>\u00a0Cl\u00ednica Sanabria<\/strong> no <a href=\"https:\/\/www.instagram.com\/clinicasanabria\/\" rel=\"noopener noreferrer nofollow\" target=\"_blank\">Instagram<\/a>.<\/p>\n<p style=\"text-align: justify;\">Para saber mais sobre o trabalho da Dra. Jaqueline Zmijevski, acompanhe suas publica\u00e7\u00f5es no <a href=\"https:\/\/www.instagram.com\/dermato.jaqueline\/\" rel=\"noopener noreferrer nofollow\" target=\"_blank\">Instagram<\/a>.<\/p>\n<p style=\"text-align: justify;\">Siga tamb\u00e9m o Dr. Marcelo Zanolli no <a href=\"https:\/\/www.instagram.com\/marcelozanolli_dermato\/\" rel=\"noopener noreferrer nofollow\" target=\"_blank\">Instagram\u00a0<\/a>e conhe\u00e7a mais sobre sua especialidade.<\/p>\n<p style=\"text-align: justify;\">A <strong>Cl\u00ednica Sanabria<\/strong> est\u00e1 localizada na Rua Dr. Eduardo Machado Metelo, 393 \u2013 Ch\u00e1cara Cachoeira <a href=\"https:\/\/www.google.com\/maps\/@-20.4623631,-54.5808047,3a,75y,355.35h,90t\/data=!3m7!1e1!3m5!1sG00tUiW1At-XVuA_Nc-rCQ!2e0!6shttps:%2F%2Fstreetviewpixels-pa.googleapis.com%2Fv1%2Fthumbnail%3Fcb_client%3Dmaps_sv.tactile%26w%3D900%26h%3D600%26pitch%3D0%26panoid%3DG00tUiW1At-XVuA_Nc-rCQ%26yaw%3D355.35!7i16384!8i8192?entry=ttu&amp;g_ep=EgoyMDI1MTAxNC4wIKXMDSoASAFQAw%3D%3D\" rel=\"noopener noreferrer nofollow\" target=\"_blank\">(Veja como chegar)<\/a>.<\/p>\n<p><script async src=\"\/\/www.instagram.com\/embed.js\"><\/script><\/p>\n","protected":false},"excerpt":{"rendered":"Dermatologistas Jaqueline Zmijevski e Marcelo Zanolli destacam diagn\u00f3stico precoce e terapias personalizadas Dra. Jaqueline Zmijevski e Dr. Marcelo&hellip;\n","protected":false},"author":2,"featured_media":128298,"comment_status":"","ping_status":"","sticky":false,"template":"","format":"standard","meta":{"footnotes":""},"categories":[86],"tags":[609,29234,3946,29235,29239,29236,29242,29241,116,29243,29237,29238,32,33,9414,21243,117,1130,29240],"class_list":{"0":"post-128297","1":"post","2":"type-post","3":"status-publish","4":"format-standard","5":"has-post-thumbnail","7":"category-saude","8":"tag-alerta","9":"tag-cabelo-precisa-acabar","10":"tag-campo","11":"tag-centro-cirrgico","12":"tag-clnica-sanabria","13":"tag-dermatologistas-capilares-dra","14":"tag-diagnstico-preciso","15":"tag-dupla-defende","16":"tag-health","17":"tag-incio-rpido","18":"tag-jaqueline-zmijevski","19":"tag-marcelo-zanolli","20":"tag-portugal","21":"tag-pt","22":"tag-queda","23":"tag-referncia","24":"tag-saude","25":"tag-tratamento","26":"tag-tricologia-mdica"},"share_on_mastodon":{"url":"https:\/\/pubeurope.com\/@pt\/115446079167394489","error":""},"_links":{"self":[{"href":"https:\/\/www.europesays.com\/pt\/wp-json\/wp\/v2\/posts\/128297","targetHints":{"allow":["GET"]}}],"collection":[{"href":"https:\/\/www.europesays.com\/pt\/wp-json\/wp\/v2\/posts"}],"about":[{"href":"https:\/\/www.europesays.com\/pt\/wp-json\/wp\/v2\/types\/post"}],"author":[{"embeddable":true,"href":"https:\/\/www.europesays.com\/pt\/wp-json\/wp\/v2\/users\/2"}],"replies":[{"embeddable":true,"href":"https:\/\/www.europesays.com\/pt\/wp-json\/wp\/v2\/comments?post=128297"}],"version-history":[{"count":0,"href":"https:\/\/www.europesays.com\/pt\/wp-json\/wp\/v2\/posts\/128297\/revisions"}],"wp:featuredmedia":[{"embeddable":true,"href":"https:\/\/www.europesays.com\/pt\/wp-json\/wp\/v2\/media\/128298"}],"wp:attachment":[{"href":"https:\/\/www.europesays.com\/pt\/wp-json\/wp\/v2\/media?parent=128297"}],"wp:term":[{"taxonomy":"category","embeddable":true,"href":"https:\/\/www.europesays.com\/pt\/wp-json\/wp\/v2\/categories?post=128297"},{"taxonomy":"post_tag","embeddable":true,"href":"https:\/\/www.europesays.com\/pt\/wp-json\/wp\/v2\/tags?post=128297"}],"curies":[{"name":"wp","href":"https:\/\/api.w.org\/{rel}","templated":true}]}}