{"id":128311,"date":"2025-10-27T12:29:11","date_gmt":"2025-10-27T12:29:11","guid":{"rendered":"https:\/\/www.europesays.com\/pt\/128311\/"},"modified":"2025-10-27T12:29:11","modified_gmt":"2025-10-27T12:29:11","slug":"atletas-estao-usando-medicamento-para-diabetes-e-obesidade","status":"publish","type":"post","link":"https:\/\/www.europesays.com\/pt\/128311\/","title":{"rendered":"atletas est\u00e3o usando medicamento para diabetes e obesidade"},"content":{"rendered":"<p>Nos \u00faltimos meses, tenho acompanhado com aten\u00e7\u00e3o o uso da <strong>tirzepatida<\/strong> por atletas \u2014 mesmo que de forma off-label, ou seja, fora das indica\u00e7\u00f5es oficiais. Essa medica\u00e7\u00e3o foi desenvolvida para o tratamento de <strong><a href=\"https:\/\/www.folhavitoria.com.br\/tag\/diabetes\/\" rel=\"nofollow noopener\" target=\"_blank\">diabetes<\/a><\/strong> tipo 2 e <strong><a href=\"https:\/\/www.folhavitoria.com.br\/saude\/fogachos-obesidade-e-coracao-entenda-a-relacao\/\" rel=\"nofollow noopener\" target=\"_blank\">obesidade<\/a><\/strong>, com excelentes resultados cl\u00ednicos. <\/p>\n<p>No entanto, o fato de n\u00e3o estar na lista de subst\u00e2ncias proibidas pela WADA (Ag\u00eancia Mundial Antidoping) tem aberto espa\u00e7o para discuss\u00f5es sobre seu uso em contextos esportivos.<\/p>\n<p>Uso da tirzepatida por atletas<\/p>\n<p>Em algumas modalidades, principalmente aquelas em que o peso corporal influencia o desempenho, j\u00e1 vemos relatos de uso da tirzepatida com o objetivo de acelerar a perda de gordura, preservar a <strong><a href=\"https:\/\/www.folhavitoria.com.br\/saude\/veja-quatro-erros-comuns-que-impedem-o-ganho-de-massa-magra\/\" target=\"_blank\" rel=\"noreferrer noopener nofollow\">massa magra<\/a><\/strong> e melhorar a performance. <\/p>\n<p>Um artigo recente que li reuniu evid\u00eancias sobre efeitos metab\u00f3licos como melhora da oxida\u00e7\u00e3o de gordura, regula\u00e7\u00e3o da glicose, redu\u00e7\u00e3o de inflama\u00e7\u00e3o e aumento da sensibilidade \u00e0 insulina \u2014 benef\u00edcios que, \u00e0 primeira vista, podem parecer interessantes para quem busca resultados r\u00e1pidos.<\/p>\n<p>Mas \u00e9 fundamental destacar: <strong>n\u00e3o existem estudos controlados com atletas saud\u00e1veis.<\/strong> O que temos at\u00e9 o momento s\u00e3o observa\u00e7\u00f5es pontuais, muitas vezes baseadas em experi\u00eancias individuais. Cada organismo responde de forma diferente, e o que funciona para um, pode n\u00e3o ter efeito ou at\u00e9 causar preju\u00edzos em outro. Como m\u00e9dica endocrinologista, vejo com preocupa\u00e7\u00e3o a banaliza\u00e7\u00e3o do uso de medicamentos potentes, sem a devida avalia\u00e7\u00e3o cl\u00ednica, \u00e9tica e cient\u00edfica.<\/p>\n<p><strong>LEIA TAMB\u00c9M | <a href=\"https:\/\/www.folhavitoria.com.br\/saude\/respirar-pela-boca-o-habito-que-transforma-o-rosto-e-a-saude-da-crianca\/\" target=\"_blank\" rel=\"noreferrer noopener nofollow\">Respirar pela boca: o h\u00e1bito que transforma o rosto e a sa\u00fade da crian\u00e7a<\/a><\/strong><\/p>\n<p>Meu objetivo ao levantar esse tema n\u00e3o \u00e9 incentivar o uso da tirzepatida no esporte, mas sim promover a informa\u00e7\u00e3o com responsabilidade. Precisamos conversar sobre os limites entre a busca por performance e a preserva\u00e7\u00e3o da sa\u00fade. O debate est\u00e1 aberto \u2014 especialmente entre n\u00f3s, m\u00e9dicos e profissionais da sa\u00fade, que temos o dever de orientar com base em evid\u00eancias e \u00e9tica.<\/p>\n","protected":false},"excerpt":{"rendered":"Nos \u00faltimos meses, tenho acompanhado com aten\u00e7\u00e3o o uso da tirzepatida por atletas \u2014 mesmo que de forma&hellip;\n","protected":false},"author":2,"featured_media":128312,"comment_status":"","ping_status":"","sticky":false,"template":"","format":"standard","meta":{"footnotes":""},"categories":[86],"tags":[6807,1027,1616,116,1022,32,33,117,2640],"class_list":{"0":"post-128311","1":"post","2":"type-post","3":"status-publish","4":"format-standard","5":"has-post-thumbnail","7":"category-saude","8":"tag-atletas","9":"tag-diabetes","10":"tag-exercicio-fisico","11":"tag-health","12":"tag-obesidade","13":"tag-portugal","14":"tag-pt","15":"tag-saude","16":"tag-vida-saudavel"},"share_on_mastodon":{"url":"https:\/\/pubeurope.com\/@pt\/115446137861966780","error":""},"_links":{"self":[{"href":"https:\/\/www.europesays.com\/pt\/wp-json\/wp\/v2\/posts\/128311","targetHints":{"allow":["GET"]}}],"collection":[{"href":"https:\/\/www.europesays.com\/pt\/wp-json\/wp\/v2\/posts"}],"about":[{"href":"https:\/\/www.europesays.com\/pt\/wp-json\/wp\/v2\/types\/post"}],"author":[{"embeddable":true,"href":"https:\/\/www.europesays.com\/pt\/wp-json\/wp\/v2\/users\/2"}],"replies":[{"embeddable":true,"href":"https:\/\/www.europesays.com\/pt\/wp-json\/wp\/v2\/comments?post=128311"}],"version-history":[{"count":0,"href":"https:\/\/www.europesays.com\/pt\/wp-json\/wp\/v2\/posts\/128311\/revisions"}],"wp:featuredmedia":[{"embeddable":true,"href":"https:\/\/www.europesays.com\/pt\/wp-json\/wp\/v2\/media\/128312"}],"wp:attachment":[{"href":"https:\/\/www.europesays.com\/pt\/wp-json\/wp\/v2\/media?parent=128311"}],"wp:term":[{"taxonomy":"category","embeddable":true,"href":"https:\/\/www.europesays.com\/pt\/wp-json\/wp\/v2\/categories?post=128311"},{"taxonomy":"post_tag","embeddable":true,"href":"https:\/\/www.europesays.com\/pt\/wp-json\/wp\/v2\/tags?post=128311"}],"curies":[{"name":"wp","href":"https:\/\/api.w.org\/{rel}","templated":true}]}}