{"id":128329,"date":"2025-10-27T12:46:12","date_gmt":"2025-10-27T12:46:12","guid":{"rendered":"https:\/\/www.europesays.com\/pt\/128329\/"},"modified":"2025-10-27T12:46:12","modified_gmt":"2025-10-27T12:46:12","slug":"como-wagner-moura-virou-o-vilao-mais-marcante-da-animacao","status":"publish","type":"post","link":"https:\/\/www.europesays.com\/pt\/128329\/","title":{"rendered":"Como Wagner Moura virou o vil\u00e3o mais marcante da anima\u00e7\u00e3o"},"content":{"rendered":"<p>Com <a href=\"https:\/\/tangerina.uol.com.br\/filmes-series\/oscar-2026-a-estreia-de-o-agente-secreto-nos-cinemas-brasileiros\/\" target=\"_blank\" rel=\"noreferrer noopener nofollow\">O Agente Secreto<\/a> prestes a estrear no Brasil, vale lembrar que <a href=\"https:\/\/tangerina.uol.com.br\/filmes-series\/oscar-2026-10-filmes-previsao-melhores\/\" target=\"_blank\" rel=\"noreferrer noopener nofollow\">Wagner Moura<\/a> j\u00e1 dominou o imagin\u00e1rio global ao dar voz \u00e0 pr\u00f3pria Morte em Gato de Botas: O \u00daltimo Pedido. Essa foi uma atua\u00e7\u00e3o que muitos f\u00e3s e cr\u00edticos tratam como o melhor vil\u00e3o dos \u00faltimos anos na anima\u00e7\u00e3o e no cinema em geral.<\/p>\n<p>No filme da DreamWorks, a Morte surge como um ca\u00e7ador implac\u00e1vel que persegue Gato de Botas (Antonio Banderas) desde o in\u00edcio, for\u00e7ando o her\u00f3i a encarar o que sempre evitou: a finitude. O conceito \u00e9 direto e poderoso \u2014 colocar a personifica\u00e7\u00e3o da Morte diante de um personagem que desperdi\u00e7ou oito das nove vidas \u2014 e Wagner usa a voz grave e controlada para transformar cada apari\u00e7\u00e3o num evento.<\/p>\n<p>A constru\u00e7\u00e3o do vil\u00e3o \u00e9 toda de atmosfera. O assobio que anuncia a chegada, os olhos vermelhos que rasgam a escurid\u00e3o e as l\u00e2minas que tilintam no ch\u00e3o criam uma entrada de cena que prende a respira\u00e7\u00e3o. Nada ali depende de sustos f\u00e1ceis: a presen\u00e7a fala mais alto, e o desenho sonoro soma camadas \u00e0 interpreta\u00e7\u00e3o de Moura.<\/p>\n<p>Funciona porque a dramaturgia conversa com o tema central do filme. O Gato de Botas, acostumado \u00e0 invencibilidade, precisa admitir o medo e reaprender a viver. Quando o antagonista \u00e9 a pr\u00f3pria Morte, a jornada do her\u00f3i ganha urg\u00eancia emocional rara em produ\u00e7\u00f5es familiares \u2014 e a dublagem de Moura d\u00e1 peso a cada sil\u00eancio e a cada amea\u00e7a sussurrada.<\/p>\n<p><img alt=\"Wagner Moura em cena de O Agente Secreto, filme cotado para o Oscar 2026\" src=\"data:image\/gif;base64,R0lGODlhAQABAIAAAAAAAP\/\/\/yH5BAEAAAAALAAAAAABAAEAAAIBRAA7\" decoding=\"async\" style=\"position:absolute;top:0;left:0;bottom:0;right:0;box-sizing:border-box;padding:0;border:none;margin:auto;display:block;width:0;height:0;min-width:100%;max-width:100%;min-height:100%;max-height:100%\"\/><\/p>\n<p font-weight=\"500\" font-size=\"14px\" class=\"style__Typo-sc-1e1gvva-0 ezCJRb\">Wagner Moura em cena de O Agente Secreto<\/p>\n<p font-weight=\"300\" font-size=\"14px\" class=\"style__Typo-sc-1e1gvva-0 fvAQOT\">(Foto: Divulga\u00e7\u00e3o\/Neon)<\/p>\n<p>Wagner Moura elevou o filme<\/p>\n<p>A dire\u00e7\u00e3o tamb\u00e9m potencializa o efeito. O visual do lobo encapuzado remete ao arqu\u00e9tipo cl\u00e1ssico da ceifadora, e a sequ\u00eancia do duelo final abra\u00e7a refer\u00eancias de anime, com enquadramentos velozes e impacto coreogr\u00e1fico. \u00c9 o tipo de set-piece que a anima\u00e7\u00e3o executa com liberdade est\u00e9tica, sem perder densidade.<\/p>\n<p>Outro diferencial est\u00e1 no desfecho: a Morte n\u00e3o perde. O embate termina num impasse, e o vil\u00e3o decide recuar ao perceber que o Gato j\u00e1 n\u00e3o \u00e9 a vers\u00e3o quebrada que ele pretendia abater. A amea\u00e7a permanece, a li\u00e7\u00e3o fica, e o her\u00f3i cresce \u2014 uma solu\u00e7\u00e3o rara que mant\u00e9m o antagonista tem\u00edvel mesmo ap\u00f3s os cr\u00e9ditos.<\/p>\n<p>O impacto foi t\u00e3o grande que o personagem virou refer\u00eancia para outros criadores. Ryan Coogler citou a Morte de Gato de Botas como influ\u00eancia direta na concep\u00e7\u00e3o visual de um vil\u00e3o recente em <a href=\"https:\/\/www.hbomax.com\/movies\/2a072173-2bac-43ba-9933-10eba021ed96?utm_source=universal_search\" target=\"_blank\" rel=\"noreferrer noopener nofollow\">Pecadores<\/a>. Essa \u00e9 a prova de que o trabalho de voz e a iconografia do personagem atravessaram a bolha da anima\u00e7\u00e3o e entraram no repert\u00f3rio pop.<\/p>\n<p>No fim, a s\u00edntese \u00e9 simples: Wagner Moura pegou um papel que poderia ser s\u00f3 \u201co vil\u00e3o estiloso\u201d e transformou em experi\u00eancia visceral \u2014 da primeira assobiadinha aos di\u00e1logos intensos. Com O Agente Secreto chegando aos cinemas e reacendendo a conversa sobre sua fase internacional, vale lembrar que uma das viradas mais importantes dessa trajet\u00f3ria j\u00e1 aconteceu quando ele deu voz \u00e0 Morte \u2014 e redefiniu o que esperamos de um antagonista em anima\u00e7\u00e3o.<\/p>\n<p>O Gato de Botas 2 est\u00e1 dispon\u00edvel na Netflix. J\u00e1 o Agente Secreto est\u00e1 em cartaz em algumas salas de cinema no Brasil. O lan\u00e7amento oficial, no entanto, acontece na pr\u00f3xima quinta-feira (6). Assista abaixo ao trailer do filme nacional:<\/p>\n","protected":false},"excerpt":{"rendered":"Com O Agente Secreto prestes a estrear no Brasil, vale lembrar que Wagner Moura j\u00e1 dominou o imagin\u00e1rio&hellip;\n","protected":false},"author":2,"featured_media":128330,"comment_status":"","ping_status":"","sticky":false,"template":"","format":"standard","meta":{"footnotes":""},"categories":[140],"tags":[114,115,147,148,13650,146,32,33,12348],"class_list":{"0":"post-128329","1":"post","2":"type-post","3":"status-publish","4":"format-standard","5":"has-post-thumbnail","7":"category-filmes","8":"tag-entertainment","9":"tag-entretenimento","10":"tag-film","11":"tag-filmes","12":"tag-filmes-nacionais","13":"tag-movies","14":"tag-portugal","15":"tag-pt","16":"tag-wagner-moura"},"share_on_mastodon":{"url":"https:\/\/pubeurope.com\/@pt\/115446204497990354","error":""},"_links":{"self":[{"href":"https:\/\/www.europesays.com\/pt\/wp-json\/wp\/v2\/posts\/128329","targetHints":{"allow":["GET"]}}],"collection":[{"href":"https:\/\/www.europesays.com\/pt\/wp-json\/wp\/v2\/posts"}],"about":[{"href":"https:\/\/www.europesays.com\/pt\/wp-json\/wp\/v2\/types\/post"}],"author":[{"embeddable":true,"href":"https:\/\/www.europesays.com\/pt\/wp-json\/wp\/v2\/users\/2"}],"replies":[{"embeddable":true,"href":"https:\/\/www.europesays.com\/pt\/wp-json\/wp\/v2\/comments?post=128329"}],"version-history":[{"count":0,"href":"https:\/\/www.europesays.com\/pt\/wp-json\/wp\/v2\/posts\/128329\/revisions"}],"wp:featuredmedia":[{"embeddable":true,"href":"https:\/\/www.europesays.com\/pt\/wp-json\/wp\/v2\/media\/128330"}],"wp:attachment":[{"href":"https:\/\/www.europesays.com\/pt\/wp-json\/wp\/v2\/media?parent=128329"}],"wp:term":[{"taxonomy":"category","embeddable":true,"href":"https:\/\/www.europesays.com\/pt\/wp-json\/wp\/v2\/categories?post=128329"},{"taxonomy":"post_tag","embeddable":true,"href":"https:\/\/www.europesays.com\/pt\/wp-json\/wp\/v2\/tags?post=128329"}],"curies":[{"name":"wp","href":"https:\/\/api.w.org\/{rel}","templated":true}]}}