{"id":128350,"date":"2025-10-27T13:01:07","date_gmt":"2025-10-27T13:01:07","guid":{"rendered":"https:\/\/www.europesays.com\/pt\/128350\/"},"modified":"2025-10-27T13:01:07","modified_gmt":"2025-10-27T13:01:07","slug":"francisco-cabral-torna-se-o-melhor-portugues-de-sempre-num-ranking-atp","status":"publish","type":"post","link":"https:\/\/www.europesays.com\/pt\/128350\/","title":{"rendered":"Francisco Cabral torna-se o melhor portugu\u00eas de sempre num ranking ATP"},"content":{"rendered":"<p data-remotead-prev-elm=\"true\" data-remotead-elm-id=\"inread\">Cabral j\u00e1 partilhava o recorde anterior, com Jo\u00e3o Sousa, depois de ambos terem chegado ao 26.\u00ba posto de pares, embora o vimaranense, que esteve nesse posto em maio de 2019, mantenha a melhor posi\u00e7\u00e3o de sempre em singulares, com o 28.\u00ba posto em maio de 2016.<\/p>\n<p>O portuense, de 28 anos, que tinha sido 26.\u00ba em final de agosto, est\u00e1 a viver uma das melhores temporadas da carreira, contando j\u00e1 com dois t\u00edtulos, em Hangzhou e Gstaad, al\u00e9m de duas finais, sempre ao lado do austr\u00edaco Lucas Miedler, que desceu a 35.\u00ba.<\/p>\n<p>A dupla luso-austr\u00edaca \u00e9 tamb\u00e9m 11.\u00aa na corrida para a presen\u00e7a nas ATP Finals, destinada aos oito melhores pares, numa lista liderada pelos brit\u00e2nicos Julian Cash e Lloyd Glasspool, que venceram Cabral e Miedler na final de Viena.<\/p>\n<p data-remotead-prev-elm=\"true\" data-remotead-elm-id=\"centro1\">Em singulares, Nuno Borges subiu uma posi\u00e7\u00e3o e \u00e9 46.\u00ba, com Jaime Faria (151.\u00ba) e Henrique Rocha (162.\u00ba) a descerem, num ranking que continua a ser liderado pelo espanhol Carlos Alcaraz, seguido do italiano Jannik Sinner e do alem\u00e3o Alexander Zverev.<\/p>\n<p>No setor feminino, a bielorrussa Aryna Sabalenka mant\u00e9m a lideran\u00e7a, \u00e0 frente da polaca Iga Swiatek e da norte-americana Coco Gauff, com Francisca Jorge a aproximar-se do top 200, ao subir ao 206.\u00ba posto, com a sua irm\u00e3 Matilde Jorge a ser 253.\u00aa.<\/p>\n","protected":false},"excerpt":{"rendered":"Cabral j\u00e1 partilhava o recorde anterior, com Jo\u00e3o Sousa, depois de ambos terem chegado ao 26.\u00ba posto de&hellip;\n","protected":false},"author":2,"featured_media":128351,"comment_status":"","ping_status":"","sticky":false,"template":"","format":"standard","meta":{"footnotes":""},"categories":[87],"tags":[135,29245,32,33,134,2349],"class_list":{"0":"post-128350","1":"post","2":"type-post","3":"status-publish","4":"format-standard","5":"has-post-thumbnail","7":"category-desporto","8":"tag-desporto","9":"tag-francisco-cabral","10":"tag-portugal","11":"tag-pt","12":"tag-sports","13":"tag-tenis"},"share_on_mastodon":{"url":"https:\/\/pubeurope.com\/@pt\/115446263539576212","error":""},"_links":{"self":[{"href":"https:\/\/www.europesays.com\/pt\/wp-json\/wp\/v2\/posts\/128350","targetHints":{"allow":["GET"]}}],"collection":[{"href":"https:\/\/www.europesays.com\/pt\/wp-json\/wp\/v2\/posts"}],"about":[{"href":"https:\/\/www.europesays.com\/pt\/wp-json\/wp\/v2\/types\/post"}],"author":[{"embeddable":true,"href":"https:\/\/www.europesays.com\/pt\/wp-json\/wp\/v2\/users\/2"}],"replies":[{"embeddable":true,"href":"https:\/\/www.europesays.com\/pt\/wp-json\/wp\/v2\/comments?post=128350"}],"version-history":[{"count":0,"href":"https:\/\/www.europesays.com\/pt\/wp-json\/wp\/v2\/posts\/128350\/revisions"}],"wp:featuredmedia":[{"embeddable":true,"href":"https:\/\/www.europesays.com\/pt\/wp-json\/wp\/v2\/media\/128351"}],"wp:attachment":[{"href":"https:\/\/www.europesays.com\/pt\/wp-json\/wp\/v2\/media?parent=128350"}],"wp:term":[{"taxonomy":"category","embeddable":true,"href":"https:\/\/www.europesays.com\/pt\/wp-json\/wp\/v2\/categories?post=128350"},{"taxonomy":"post_tag","embeddable":true,"href":"https:\/\/www.europesays.com\/pt\/wp-json\/wp\/v2\/tags?post=128350"}],"curies":[{"name":"wp","href":"https:\/\/api.w.org\/{rel}","templated":true}]}}