{"id":128363,"date":"2025-10-27T13:18:21","date_gmt":"2025-10-27T13:18:21","guid":{"rendered":"https:\/\/www.europesays.com\/pt\/128363\/"},"modified":"2025-10-27T13:18:21","modified_gmt":"2025-10-27T13:18:21","slug":"casal-na-malhacao-de-2015-nicolas-prattes-e-marina-moschen-vao-reeditar-parceria-em-filme","status":"publish","type":"post","link":"https:\/\/www.europesays.com\/pt\/128363\/","title":{"rendered":"Casal na &#8216;Malha\u00e7\u00e3o&#8217; de 2015, Nicolas Prattes e Marina Moschen v\u00e3o reeditar parceria em filme"},"content":{"rendered":"\n<p class=\" content-text__container \" data-track-category=\"Link no Texto\" data-track-links=\"\"> A produ\u00e7\u00e3o narra a hist\u00f3ria real do influenciador brasileiro Jesse Koz, que percorreu as Am\u00e9ricas ao lado de seu cachorro. Os dois viajavam num Fusca e estiveram em pa\u00edses como Bol\u00edvia, Uruguai, Chile, Peru e Col\u00f4mbia. Eles morreram num acidente de tr\u00e2nsito em 2022, nos EUA. <\/p>\n<p class=\" content-text__container \" data-track-category=\"Link no Texto\" data-track-links=\"\"> Patag\u00f4nia, Ushuaia (Argentina), Curitiba e Balne\u00e1rio Cambori\u00fa <a class=\"\" href=\"https:\/\/oglobo.globo.com\/play\/noticia\/2025\/08\/18\/nicolas-prattes-viajara-pela-america-do-sul-e-pelos-eua-para-rodar-filme-baseado-em-historia-real.ghtml\" rel=\"nofollow noopener\" target=\"_blank\">ser\u00e3o loca\u00e7\u00f5es do longa<\/a>. Haver\u00e1 filmagens ainda nos estados de Oregon e Alasca e nas cidades de Nova York e S\u00e3o Francisco, nos EUA. <\/p>\n","protected":false},"excerpt":{"rendered":"A produ\u00e7\u00e3o narra a hist\u00f3ria real do influenciador brasileiro Jesse Koz, que percorreu as Am\u00e9ricas ao lado de&hellip;\n","protected":false},"author":2,"featured_media":128364,"comment_status":"","ping_status":"","sticky":false,"template":"","format":"standard","meta":{"footnotes":""},"categories":[142],"tags":[9124,114,115,9125,2848,29249,15237,32,33,679,151],"class_list":{"0":"post-128363","1":"post","2":"type-post","3":"status-publish","4":"format-standard","5":"has-post-thumbnail","7":"category-tv","8":"tag-duca-rachid","9":"tag-entertainment","10":"tag-entretenimento","11":"tag-julio-fischer","12":"tag-malhacao","13":"tag-marina-moschen","14":"tag-nicolas-prattes","15":"tag-portugal","16":"tag-pt","17":"tag-reportagem","18":"tag-tv"},"share_on_mastodon":{"url":"https:\/\/pubeurope.com\/@pt\/115446330435589807","error":""},"_links":{"self":[{"href":"https:\/\/www.europesays.com\/pt\/wp-json\/wp\/v2\/posts\/128363","targetHints":{"allow":["GET"]}}],"collection":[{"href":"https:\/\/www.europesays.com\/pt\/wp-json\/wp\/v2\/posts"}],"about":[{"href":"https:\/\/www.europesays.com\/pt\/wp-json\/wp\/v2\/types\/post"}],"author":[{"embeddable":true,"href":"https:\/\/www.europesays.com\/pt\/wp-json\/wp\/v2\/users\/2"}],"replies":[{"embeddable":true,"href":"https:\/\/www.europesays.com\/pt\/wp-json\/wp\/v2\/comments?post=128363"}],"version-history":[{"count":0,"href":"https:\/\/www.europesays.com\/pt\/wp-json\/wp\/v2\/posts\/128363\/revisions"}],"wp:featuredmedia":[{"embeddable":true,"href":"https:\/\/www.europesays.com\/pt\/wp-json\/wp\/v2\/media\/128364"}],"wp:attachment":[{"href":"https:\/\/www.europesays.com\/pt\/wp-json\/wp\/v2\/media?parent=128363"}],"wp:term":[{"taxonomy":"category","embeddable":true,"href":"https:\/\/www.europesays.com\/pt\/wp-json\/wp\/v2\/categories?post=128363"},{"taxonomy":"post_tag","embeddable":true,"href":"https:\/\/www.europesays.com\/pt\/wp-json\/wp\/v2\/tags?post=128363"}],"curies":[{"name":"wp","href":"https:\/\/api.w.org\/{rel}","templated":true}]}}