{"id":128365,"date":"2025-10-27T13:20:09","date_gmt":"2025-10-27T13:20:09","guid":{"rendered":"https:\/\/www.europesays.com\/pt\/128365\/"},"modified":"2025-10-27T13:20:09","modified_gmt":"2025-10-27T13:20:09","slug":"as-estreias-no-streaming-na-semana-de-26-10-a-1o-11-veja-trailers","status":"publish","type":"post","link":"https:\/\/www.europesays.com\/pt\/128365\/","title":{"rendered":"as estreias no streaming na semana de 26\/10 a 1\u00ba\/11; veja trailers"},"content":{"rendered":"\n<p class=\" content-text__container theme-color-primary-first-letter\" data-track-category=\"Link no Texto\" data-track-links=\"\"> Como reunir, na mesma s\u00e9rie, os criminosos mais conhecidos do Brasil? Como misturar os casos dos assassinatos do casal von Richthofen e da menina Isabella Nardoni? \u201cTrememb\u00e9\u201d, nova produ\u00e7\u00e3o de fic\u00e7\u00e3o do Prime Video que estreia na pr\u00f3xima sexta-feira, consegue fazer isso ao centrar os epis\u00f3dios no pres\u00eddio paulistano que recebeu Suzane von Richthofen, condenada por mandar matar os pais em 2002, Alexandre Nardoni e Anna Carolina Jatob\u00e1, considerados culpados pela morte da menina Isabella Nardoni em 2008, e tantos outros \u201cfamosos\u201d. <\/p>\n<p class=\" content-text__container \" data-track-category=\"Link no Texto\" data-track-links=\"\"> Veja abaixo outros destaques da semana. <\/p>\n<p>Trememb\u00e9 (Prime video, a partir de 31\/10)<\/p>\n<p class=\" content-text__container \" data-track-category=\"Link no Texto\" data-track-links=\"\"> A produ\u00e7\u00e3o de fic\u00e7\u00e3o tamb\u00e9m dramatiza a passagem de Elize Matsunaga, que esquartejou o marido em 2012, e Roger Abdelmassih, m\u00e9dico condenado por estupro de pacientes em sua cl\u00ednica de fertiliza\u00e7\u00e3o. <\/p>\n<p class=\" content-text__container \" data-track-category=\"Link no Texto\" data-track-links=\"\"> No elenco, est\u00e3o Marina Ruy Barbosa, no papel de Suzane; Bianca Comparato, como Anna Carolina; Carol Garcia como Elize; Anselmo Vasconcelos como Abdelmassih; e Let\u00edcia Rodrigues como Sandr\u00e3o, detenta que se relaciona com Elize e Suzane na cadeia. <\/p>\n<p>IT: Bem-vindo a Derry (HBO e HBO Max, a partir de 26\/10)<\/p>\n<p class=\" content-text__container \" data-track-category=\"Link no Texto\" data-track-links=\"\"> As origens do palha\u00e7o Pennywise est\u00e3o nesta s\u00e9rie de terror que se passa nos anos 1960 e serve como prel\u00fadio dos filmes \u201cIt: A coisa\u201d, de 2017, e \u201cIt: Cap\u00edtulo 2\u201d, de 2019. O escritor Stephen King, criador do universo com o livro publicado em 1986, comentou, nas redes sociais, que a s\u00e9rie \u00e9 \u201cincr\u00edvel\u201d e o primeiro epis\u00f3dio, \u201caterrorizante\u201d. <\/p>\n<p>O dono de Kingstown (Paramount+, a partir de 26\/10)<\/p>\n<p class=\" content-text__container \" data-track-category=\"Link no Texto\" data-track-links=\"\"> Na quarta temporada desta s\u00e9rie de Taylor Sheridan (o criador de \u201cYellowstone\u201d), Mike McLusky (Jeremy Renner), \u201cprefeito\u201d n\u00e3o oficial de Kingstown , precisa controlar as guerras de poder depois que os russos deixaram o controle das drogas. Um novo prefeito tamb\u00e9m entra em cena, dificultando a vida de quem faz pol\u00edtica \u00e0s margens da legalidade. <\/p>\n<p>Mist\u00e9rio em Cemetery road (Apple TV+, a partir de 29\/10)<\/p>\n<p class=\" content-text__container \" data-track-category=\"Link no Texto\" data-track-links=\"\"> Depois de uma explos\u00e3o numa casa em Oxford, na Inglaterra, uma menina desaparece e sua vizinha pede ajuda \u00e0 detetive particular Z\u00f6e Boehm (Emma Thompson, na foto) para encontr\u00e1-la. Da investiga\u00e7\u00e3o, surge a descoberta de que v\u00e1rias pessoas dadas como mortas, na verdade, est\u00e3o vivas. <\/p>\n<p>The Witcher (Netflix, a partir de 30\/10)<\/p>\n<p class=\" content-text__container \" data-track-category=\"Link no Texto\" data-track-links=\"\"> O ator Liam Hemsworth agora \u00e9 o novo Geralt de Rivia, substituindo Henry Cavill, que deixou a s\u00e9rie de fantasia nesta quarta temporada. A showrunner, Lauren Schmidt Hissrich, prometeu tamb\u00e9m uma mudan\u00e7a no tom do personagem, agora com o lado emocional mais aflorado. <\/p>\n","protected":false},"excerpt":{"rendered":"Como reunir, na mesma s\u00e9rie, os criminosos mais conhecidos do Brasil? Como misturar os casos dos assassinatos do&hellip;\n","protected":false},"author":2,"featured_media":128366,"comment_status":"","ping_status":"","sticky":false,"template":"","format":"standard","meta":{"footnotes":""},"categories":[140],"tags":[114,115,147,148,146,32,33,5479],"class_list":{"0":"post-128365","1":"post","2":"type-post","3":"status-publish","4":"format-standard","5":"has-post-thumbnail","7":"category-filmes","8":"tag-entertainment","9":"tag-entretenimento","10":"tag-film","11":"tag-filmes","12":"tag-movies","13":"tag-portugal","14":"tag-pt","15":"tag-servico-ou-divulgacao"},"share_on_mastodon":{"url":"https:\/\/pubeurope.com\/@pt\/115446338329737151","error":""},"_links":{"self":[{"href":"https:\/\/www.europesays.com\/pt\/wp-json\/wp\/v2\/posts\/128365","targetHints":{"allow":["GET"]}}],"collection":[{"href":"https:\/\/www.europesays.com\/pt\/wp-json\/wp\/v2\/posts"}],"about":[{"href":"https:\/\/www.europesays.com\/pt\/wp-json\/wp\/v2\/types\/post"}],"author":[{"embeddable":true,"href":"https:\/\/www.europesays.com\/pt\/wp-json\/wp\/v2\/users\/2"}],"replies":[{"embeddable":true,"href":"https:\/\/www.europesays.com\/pt\/wp-json\/wp\/v2\/comments?post=128365"}],"version-history":[{"count":0,"href":"https:\/\/www.europesays.com\/pt\/wp-json\/wp\/v2\/posts\/128365\/revisions"}],"wp:featuredmedia":[{"embeddable":true,"href":"https:\/\/www.europesays.com\/pt\/wp-json\/wp\/v2\/media\/128366"}],"wp:attachment":[{"href":"https:\/\/www.europesays.com\/pt\/wp-json\/wp\/v2\/media?parent=128365"}],"wp:term":[{"taxonomy":"category","embeddable":true,"href":"https:\/\/www.europesays.com\/pt\/wp-json\/wp\/v2\/categories?post=128365"},{"taxonomy":"post_tag","embeddable":true,"href":"https:\/\/www.europesays.com\/pt\/wp-json\/wp\/v2\/tags?post=128365"}],"curies":[{"name":"wp","href":"https:\/\/api.w.org\/{rel}","templated":true}]}}